[{"@context":"https:\/\/schema.org\/","@type":"Article","@id":"https:\/\/www.kulisci.cz\/bydleni\/dbejte-na-spravny-vyber-motocyklovych-rafku\/#Article","mainEntityOfPage":"https:\/\/www.kulisci.cz\/bydleni\/dbejte-na-spravny-vyber-motocyklovych-rafku\/","headline":"Dbejte na spr\u00e1vn\u00fd v\u00fdb\u011br motocyklov\u00fdch r\u00e1fk\u016f","name":"Dbejte na spr\u00e1vn\u00fd v\u00fdb\u011br motocyklov\u00fdch r\u00e1fk\u016f","description":"Stejn\u011b jako u j\u00edzdn\u00edch kol, i u motocykl\u016f by m\u011bl ka\u017ed\u00fd jezdec db\u00e1t na v\u00fdb\u011br r\u00e1fk\u016f. Mo\u017en\u00e1 si nyn\u00ed pt\u00e1te, pro\u010d? Inu, m\u00e1 to jednoduch\u00e9 zd\u016fvodn\u011bn\u00ed, kter\u00e9 tkv\u00ed v bezpe\u010dn\u00e9m a pohodln\u00e9m je\u017ed\u011bn\u00ed. Spr\u00e1vn\u011b vybran\u00fd r\u00e1fek toti\u017e zajist\u00ed motocyklu nejenom dostate\u010dnou jistotu, ale tak\u00e9 se postar\u00e1 o to, \u017ee nebudete muset \u0159e\u0161it jak\u00e9koliv nep\u0159\u00edjemnosti v...","datePublished":"2018-09-20","dateModified":"2018-09-20","author":{"@type":"Person","@id":"https:\/\/www.kulisci.cz\/author\/#Person","name":"","url":"https:\/\/www.kulisci.cz\/author\/","identifier":1,"image":{"@type":"ImageObject","@id":"https:\/\/secure.gravatar.com\/avatar\/29b4b7cf61bc7f4a3cff4e7146cbe3cb?s=96&d=mm&r=g","url":"https:\/\/secure.gravatar.com\/avatar\/29b4b7cf61bc7f4a3cff4e7146cbe3cb?s=96&d=mm&r=g","height":96,"width":96}},"publisher":{"@type":"Organization","name":"kulisci.cz","logo":{"@type":"ImageObject","@id":"\/logo.png","url":"\/logo.png","width":600,"height":60}},"image":{"@type":"ImageObject","@id":"https:\/\/www.kulisci.cz\/wp-content\/uploads\/img_a324871_w2424_t1536835884.jpg","url":"https:\/\/www.kulisci.cz\/wp-content\/uploads\/img_a324871_w2424_t1536835884.jpg","height":0,"width":0},"url":"https:\/\/www.kulisci.cz\/bydleni\/dbejte-na-spravny-vyber-motocyklovych-rafku\/","wordCount":447,"articleBody":" Stejn\u011b jako u j\u00edzdn\u00edch kol, i u motocykl\u016f by m\u011bl ka\u017ed\u00fd jezdec db\u00e1t na v\u00fdb\u011br r\u00e1fk\u016f. Mo\u017en\u00e1 si nyn\u00ed pt\u00e1te, pro\u010d? Inu, m\u00e1 to jednoduch\u00e9 zd\u016fvodn\u011bn\u00ed, kter\u00e9 tkv\u00ed v bezpe\u010dn\u00e9m a pohodln\u00e9m je\u017ed\u011bn\u00ed. Spr\u00e1vn\u011b vybran\u00fd r\u00e1fek toti\u017e zajist\u00ed motocyklu nejenom dostate\u010dnou jistotu, ale tak\u00e9 se postar\u00e1 o to, \u017ee nebudete muset \u0159e\u0161it jak\u00e9koliv nep\u0159\u00edjemnosti v ohledu pohodl\u00ed. Jak\u00e9 typy r\u00e1fk\u016f m\u016f\u017eete vyb\u00edrat? Obecn\u011b je mo\u017en\u00e9 vyb\u00edrat hned ze dvou obecn\u00fdch kategori\u00ed. M\u016f\u017eete si zvolit, zdali v\u00e1\u0161 motocykl bude m\u00edt v\u00fdplet, jako je tomu u j\u00edzdn\u00edch kol, nebo se m\u016f\u017eete rozhodnout pro lit\u00e1 kola. Pr\u00e1v\u011b druh\u00e1 zmi\u0148ovan\u00e1 mo\u017enost je charakteristick\u00e1 pro kola o men\u0161\u00edch pr\u016fm\u011brech. Naopak kola o v\u011bt\u0161\u00edch pr\u016fm\u011brech, a to zejm\u00e9na kola ter\u00e9nn\u00edch motocykl\u016f, budou m\u00edt v\u00fdplet. Proto se nen\u00ed \u010demu divit, kdy\u017e uvid\u00edte i r\u00e1fek 16. A\u010dkoliv se m\u016f\u017ee zd\u00e1t jako mal\u00fd, je dostate\u010dn\u011b pevn\u00fd i pro velmi ostrou a sportovn\u00ed j\u00edzdu. Jak tedy vybrat r\u00e1fek? Inu, nejd\u0159\u00edve si budete muset ujasnit, jak\u00fd rozm\u011br vlastn\u011b pot\u0159ebujete. Nen\u00ed \u017e\u00e1dn\u00fdm tajemstv\u00edm, \u017ee pro ur\u010dit\u00e9 motocykly bude velmi n\u00e1ro\u010dn\u00e9 naj\u00edt vhodn\u00fd rozm\u011br, a proto byste m\u011bli jako prvn\u00ed zjistit, jak\u00fd rozm\u011br budete pot\u0159ebovat. Ten nej\u010dast\u011bji najdete na st\u00e1vaj\u00edc\u00edm r\u00e1fku a jedn\u00e1 se o rozm\u011br pr\u016fm\u011bru v palc\u00edch. M\u016f\u017eete se v\u0161ak setkat je\u0161t\u011b i s jin\u00fdm ozna\u010den\u00edm, a proto se nelekejte, kdy\u017e uvid\u00edte krom\u011b klasick\u00e9 palcov\u00e9 m\u00edry je\u0161t\u011b n\u011bjakou jinou. Pro\u010d z\u00e1vodn\u00ed produkty? N\u011bkte\u0159\u00ed jezdci se div\u00ed tomu, kdy\u017e maj\u00ed do sv\u00e9ho motocyklu investovat tis\u00edce korun je za kus kovu, kter\u00fdm r\u00e1fek pro n\u011bkoho je. Kdy\u017e se v\u0161ak pod\u00edv\u00e1te na to, co v\u0161echno mus\u00ed tato sou\u010d\u00e1st motocyklu vydr\u017eet, bude v\u00e1m jasn\u00e9, \u017ee investic je na m\u00edst\u011b. Kde tedy najdou uplatn\u011bn\u00ed z\u00e1vodn\u00ed r\u00e1fky: Rekrea\u010dn\u00ed sportovn\u00ed j\u00edzda  Z\u00e1vodn\u00ed pojet\u00ed  P\u0159i z\u00e1jmu jezdit s t\u00edm nejlep\u0161\u00edm  Nenechejte v\u00fdb\u011br n\u00e1hod\u011b, ale naopak se sna\u017ete pro sv\u016fj motocykl vybrat to, co v\u00e1m pen\u011b\u017eenka dovol\u00ed. Kvalitn\u00ed v\u00fdb\u011br se v\u00e1m vyplat\u00ed v podob\u011b jistoty, \u017ee se p\u0159i velmi sportovn\u00ed j\u00edzd\u011b s t\u00edmto prvkem jen tak n\u011bco nestane.                                                                                                                                                                                                                                                                                                                                                                                                 "},{"@context":"https:\/\/schema.org\/","@type":"BreadcrumbList","itemListElement":[{"@type":"ListItem","position":1,"name":"Bydleni","item":"https:\/\/www.kulisci.cz\/bydleni\/#breadcrumbitem"},{"@type":"ListItem","position":2,"name":"Dbejte na spr\u00e1vn\u00fd v\u00fdb\u011br motocyklov\u00fdch r\u00e1fk\u016f","item":"https:\/\/www.kulisci.cz\/bydleni\/dbejte-na-spravny-vyber-motocyklovych-rafku\/#breadcrumbitem"}]}]