[{"@context":"https:\/\/schema.org\/","@type":"Article","@id":"https:\/\/www.kulisci.cz\/bydleni\/i-v-praci-musi-byt-cisto\/#Article","mainEntityOfPage":"https:\/\/www.kulisci.cz\/bydleni\/i-v-praci-musi-byt-cisto\/","headline":"I v pr\u00e1ci mus\u00ed b\u00fdt \u010disto","name":"I v pr\u00e1ci mus\u00ed b\u00fdt \u010disto","description":"I lid\u00e9 v kancel\u00e1\u0159\u00edch dok\u00e1\u017eou nad\u011blat nepo\u0159\u00e1dek Nen\u00ed kancel\u00e1\u0159 jako kancel\u00e1\u0159. V n\u011bkter\u00fdch se pohybuje p\u00e1r lid\u00ed, ale jsou i kancel\u00e1\u0159e, kter\u00e9 denn\u011b nav\u0161t\u011bvuje ve\u0159ejnost. Pokud se v kancel\u00e1\u0159\u00edch pohybuje v\u011bt\u0161\u00ed po\u010det lid\u00ed, je jasn\u00e9, \u017ee udr\u017eovat v nich po\u0159\u00e1dek a \u010distotu bude trochu probl\u00e9m. Je norm\u00e1ln\u00ed \u017ee si firmy naj\u00edmaj\u00ed \u00faklidov\u00e9 firmy, kter\u00e9 prov\u00e1d\u00ed...","datePublished":"2023-10-15","dateModified":"2023-10-15","author":{"@type":"Person","@id":"https:\/\/www.kulisci.cz\/author\/#Person","name":"","url":"https:\/\/www.kulisci.cz\/author\/","identifier":1,"image":{"@type":"ImageObject","@id":"https:\/\/secure.gravatar.com\/avatar\/29b4b7cf61bc7f4a3cff4e7146cbe3cb?s=96&d=mm&r=g","url":"https:\/\/secure.gravatar.com\/avatar\/29b4b7cf61bc7f4a3cff4e7146cbe3cb?s=96&d=mm&r=g","height":96,"width":96}},"publisher":{"@type":"Organization","name":"kulisci.cz","logo":{"@type":"ImageObject","@id":"\/logo.png","url":"\/logo.png","width":600,"height":60}},"image":{"@type":"ImageObject","@id":"https:\/\/www.kulisci.cz\/wp-content\/uploads\/cleaning-4098410_640_10_10.jpg","url":"https:\/\/www.kulisci.cz\/wp-content\/uploads\/cleaning-4098410_640_10_10.jpg","height":0,"width":0},"url":"https:\/\/www.kulisci.cz\/bydleni\/i-v-praci-musi-byt-cisto\/","wordCount":413,"articleBody":"      I lid\u00e9 v kancel\u00e1\u0159\u00edch dok\u00e1\u017eou nad\u011blat nepo\u0159\u00e1dek Nen\u00ed kancel\u00e1\u0159 jako kancel\u00e1\u0159. V n\u011bkter\u00fdch se pohybuje p\u00e1r lid\u00ed, ale jsou i kancel\u00e1\u0159e, kter\u00e9 denn\u011b nav\u0161t\u011bvuje ve\u0159ejnost. Pokud se v kancel\u00e1\u0159\u00edch pohybuje v\u011bt\u0161\u00ed po\u010det lid\u00ed, je jasn\u00e9, \u017ee udr\u017eovat v nich po\u0159\u00e1dek a \u010distotu bude trochu probl\u00e9m. Je norm\u00e1ln\u00ed \u017ee si firmy naj\u00edmaj\u00ed \u00faklidov\u00e9 firmy, kter\u00e9 prov\u00e1d\u00ed krom\u011b klasick\u00e9ho \u00faklidu i gener\u00e1ln\u00ed \u00faklid kancel\u00e1\u0159\u00ed Modryzralok. Zat\u00edmco b\u011b\u017en\u00fd \u00faklid kancel\u00e1\u0159\u00ed se povod\u00ed v\u011bt\u0161inou ka\u017ed\u00fd den r\u00e1no a zahrnuje vysyp\u00e1n\u00ed ko\u0161\u016f, umyt\u00ed toalet a umyvadel a vyt\u0159en\u00ed podlah, gener\u00e1ln\u00ed \u00faklid se d\u011bl\u00e1 jednou za m\u011bs\u00edc.Co se t\u00fd\u010de gener\u00e1ln\u00edho \u00faklidu, ka\u017ed\u00e1 firma po\u017eaduje n\u011bco jin\u00e9ho. V\u011bt\u0161inou jde ale o to, aby se hloubkov\u011b vy\u010distily koberce, kter\u00e9 dost\u00e1vaj\u00ed po\u0159\u00e1dn\u011b zabrat. Krom\u011b toho se myj i lednice, okna, dve\u0159e a samoz\u0159ejm\u011b se luxuj\u00ed pavu\u010diny a st\u00edr\u00e1 prach. Prov\u00e1d\u011bn\u00ed takov\u00e9ho \u00faklidu je v\u011bt\u0161inou \u010dasov\u011b n\u00e1ro\u010dn\u011bj\u0161\u00ed ne\u017e b\u011b\u017en\u00fd \u00faklid, tak\u017ee je pot\u0159eba si ten gener\u00e1ln\u00ed nepl\u00e1novat v\u00edce dop\u0159edu. Je nutn\u00e9 aby se va\u0161i zam\u011bstnanci a zam\u011bstnanci \u00faklidov\u00e9 firmy vz\u00e1jemn\u011b neru\u0161ili, tak\u017ee v\u011bt\u0161ina kancel\u00e1\u0159\u00ed se ukl\u00edz\u00ed kdy\u017e se v nich pohybuje minimum zam\u011bstnanc\u016f a nebo v dob\u011b, kdy se v budov\u011b nikdo nenach\u00e1z\u00ed.I my v\u00e1m m\u016f\u017eeme ukl\u00edzet kancel\u00e1\u0159e a to bu\u010f pravideln\u011b ka\u017ed\u00fd den a nebo jen jednou za \u010das podle toho, jak to budete pot\u0159ebovat. Na\u0161e slu\u017eby vyu\u017e\u00edvaj\u00ed nejen kancel\u00e1\u0159e, ale i v\u00fdrobn\u00ed haly, bytov\u00e9 domy a samoz\u0159ejm\u011b i jednotliv\u00e9 dom\u00e1cnosti. Pokud tou\u017e\u00edte po kr\u00e1sn\u011b uklizen\u00e9 a \u010dist\u00e9 dom\u00e1cnosti \u010di jak\u00e9mkoliv jin\u00e9m prostoru, ur\u010dit\u011b se n\u00e1m ozv\u011bte. My v\u00e1m na z\u00e1klad\u011b va\u0161ich po\u017eadavk\u016f zpracujeme cenovou nab\u00eddku, a pokud ji odsouhlas\u00edte, m\u016f\u017eeme se v podstat\u011b hned pustit do pr\u00e1ce. \u00daklid je pro n\u00e1s radost, proto\u017ee se d\u00edv\u00e1me na to jak pod na\u0161ima rukama vznikaj\u00ed kr\u00e1sn\u00e1 m\u00edsta pln\u00e1 \u010distoty. M\u00e1me hodn\u011b dobr\u00fdch zam\u011bstnanc\u016f, kte\u0159\u00ed se r\u00e1di postar\u0161\u00ed o \u010distotu i u v\u00e1s doma.                                                                                                                                                                                                                                                                                                                                                                                          4\/5 - (3 votes)        "},{"@context":"https:\/\/schema.org\/","@type":"BreadcrumbList","itemListElement":[{"@type":"ListItem","position":1,"name":"Bydleni","item":"https:\/\/www.kulisci.cz\/bydleni\/#breadcrumbitem"},{"@type":"ListItem","position":2,"name":"I v pr\u00e1ci mus\u00ed b\u00fdt \u010disto","item":"https:\/\/www.kulisci.cz\/bydleni\/i-v-praci-musi-byt-cisto\/#breadcrumbitem"}]}]