[{"@context":"https:\/\/schema.org\/","@type":"Article","@id":"https:\/\/www.kulisci.cz\/bydleni\/jake-prepravky-se-vyuzivaji\/#Article","mainEntityOfPage":"https:\/\/www.kulisci.cz\/bydleni\/jake-prepravky-se-vyuzivaji\/","headline":"Jak\u00e9 p\u0159epravky se vyu\u017e\u00edvaj\u00ed?","name":"Jak\u00e9 p\u0159epravky se vyu\u017e\u00edvaj\u00ed?","description":"Pro\u010d farm\u00e1\u0159i vyu\u017e\u00edvaj\u00ed na p\u0159epravu ovoce plastov\u00e9 bedny, kdy\u017e se d\u0159\u00edve pou\u017e\u00edvali bedny d\u0159ev\u011bn\u00e9? Kdy je v\u00fdhodou pou\u017e\u00edt bednu plastovou a kdy je nap\u0159\u00edklad dobr\u00e1 bedna kartonov\u00e1. To v\u00e1m hned \u0159ekneme. Nemus\u00edte se b\u00e1t. V potravin\u00e1\u0159stv\u00ed s pou\u017e\u00edvaj\u00ed p\u0159epravky plastov\u00e9, d\u0159ev\u011bn\u00e9, ale u\u017e jen ojedin\u011ble a p\u0159epravky kartonov\u00e9. Ka\u017ed\u00e1 z uveden\u00fdch p\u0159epravek m\u00e1 sv\u00e9 v\u00fdhody...","datePublished":"2023-08-27","dateModified":"2023-08-27","author":{"@type":"Person","@id":"https:\/\/www.kulisci.cz\/author\/#Person","name":"","url":"https:\/\/www.kulisci.cz\/author\/","identifier":1,"image":{"@type":"ImageObject","@id":"https:\/\/secure.gravatar.com\/avatar\/29b4b7cf61bc7f4a3cff4e7146cbe3cb?s=96&d=mm&r=g","url":"https:\/\/secure.gravatar.com\/avatar\/29b4b7cf61bc7f4a3cff4e7146cbe3cb?s=96&d=mm&r=g","height":96,"width":96}},"publisher":{"@type":"Organization","name":"kulisci.cz","logo":{"@type":"ImageObject","@id":"\/logo.png","url":"\/logo.png","width":600,"height":60}},"image":{"@type":"ImageObject","@id":"https:\/\/www.kulisci.cz\/wp-content\/uploads\/pexels-julia-volk-5273044.jpg","url":"https:\/\/www.kulisci.cz\/wp-content\/uploads\/pexels-julia-volk-5273044.jpg","height":0,"width":0},"url":"https:\/\/www.kulisci.cz\/bydleni\/jake-prepravky-se-vyuzivaji\/","wordCount":404,"articleBody":"   Pro\u010d farm\u00e1\u0159i vyu\u017e\u00edvaj\u00ed na p\u0159epravu ovoce plastov\u00e9 bedny, kdy\u017e se d\u0159\u00edve pou\u017e\u00edvali bedny d\u0159ev\u011bn\u00e9? Kdy je v\u00fdhodou pou\u017e\u00edt bednu plastovou a kdy je nap\u0159\u00edklad dobr\u00e1 bedna kartonov\u00e1. To v\u00e1m hned \u0159ekneme. Nemus\u00edte se b\u00e1t. V potravin\u00e1\u0159stv\u00ed s pou\u017e\u00edvaj\u00ed p\u0159epravky plastov\u00e9, d\u0159ev\u011bn\u00e9, ale u\u017e jen ojedin\u011ble a p\u0159epravky kartonov\u00e9. Ka\u017ed\u00e1 z uveden\u00fdch p\u0159epravek m\u00e1 sv\u00e9 v\u00fdhody a nev\u00fdhody. Prvn\u00edm bodem bude materi\u00e1l, ze kter\u00e9ho jsou p\u0159epravky vyrobeny. Plastov\u00e9 jsou v tomto hlavn\u00edm favoritem, co se t\u00fd\u010de hygienick\u00e9 str\u00e1nky. Nebo\u0165 jsou jednodu\u0161e omyvateln\u00e9 a znovu pou\u017eiteln\u00e9. Nijak neutrp\u00ed, i kdy\u017e se v nich ovoce rozma\u010dk\u00e1. Kdy\u017e se tak stane, v dal\u0161\u00edch dvou p\u0159epravk\u00e1ch, dojde k nas\u00e1t\u00ed tekutiny do materi\u00e1lu, co\u017e nen\u00ed \u00fapln\u011b vhodn\u00e9. Materi\u00e1l tak m\u016f\u017ee za\u010d\u00edt \u010dasem hn\u00edt a ji\u017e nen\u00ed pro samotnou p\u0159epravu vhodn\u00fd. D\u0159ev\u011bn\u00e1 bed\u00fdnka se taky d\u00e1 um\u00fdt, ale rozhodn\u011b z n\u00ed ovoce ji\u017e nedostanete. Dlouho pak schne a nen\u00ed to pro dal\u0161\u00ed pr\u00e1ci vhodn\u00e9. Kartonov\u00e9 a d\u0159ev\u011bn\u00e9 p\u0159epravky tak rychle sn\u00ed\u017eili svou \u017eivotnost, na rozd\u00edl od p\u0159epravky plastov\u00e9. Ta si zachovala sv\u016fj p\u016fvodn\u00ed vzhled i tvar. Kartonov\u00e9 p\u0159epravky jsou vyroben\u00e9 n\u011bkdy jen na jedno pou\u017eit\u00ed, co\u017e je ov\u0161em pl\u00fdtv\u00e1n\u00ed materi\u00e1lu. Pap\u00edrov\u00e9 bedny se hodn\u011b pou\u017e\u00edvaj\u00ed na ovoce, kter\u00e9 se p\u0159epravuje z jin\u00fdch zem\u00ed nap\u0159\u00edklad na to v\u011bt\u0161\u00ed, jako jsou melouny ve velk\u00fdch kartonov\u00fdch bedn\u00e1ch nebo nap\u0159\u00edklad ban\u00e1ny se taky p\u0159epravuj\u00ed v kartonov\u00fdch bedn\u00e1ch. Bedny dob\u0159e d\u00fdchaj\u00ed a jsou zcela uzav\u0159en\u00e9. Vyu\u017e\u00edvaj\u00ed se i nap\u0159\u00edklad, kdy\u017e se mus\u00ed ovoce uskladnit jednotliv\u011b, aby se nedot\u00fdkalo jedno druh\u00e9ho. To ovoce, kter\u00e9 je n\u00e1chyln\u00e9 k natlu\u010den\u00ed a ka\u017een\u00ed. Nap\u0159\u00edklad u broskv\u00ed nebo nektarinek. Ve v\u011bt\u0161in\u011b p\u0159\u00edpad\u016f o tom rozhoduj\u00ed dodavatel\u00e9, kter\u00e9 ovoce dod\u00e1vaj\u00ed do obchod\u016f, jak\u00fd zvol\u00ed p\u0159epravn\u00ed materi\u00e1l. Jestli ovoce bude poskl\u00e1dan\u00e9 po jednom nebo bude v plastov\u00e9 bed\u00fdnce po v\u011bt\u0161\u00edm mno\u017estv\u00ed. U\u017eit\u00ed maj\u00ed v\u0161echny t\u0159i p\u0159epravky, ale v\u00fdhodou jsou rozhodn\u011b p\u0159epravky na ovoce plastov\u00e9.                                                                                                                                                                                                                                                                                                                                                                                          4\/5 - (2 votes)        "},{"@context":"https:\/\/schema.org\/","@type":"BreadcrumbList","itemListElement":[{"@type":"ListItem","position":1,"name":"Bydleni","item":"https:\/\/www.kulisci.cz\/bydleni\/#breadcrumbitem"},{"@type":"ListItem","position":2,"name":"Jak\u00e9 p\u0159epravky se vyu\u017e\u00edvaj\u00ed?","item":"https:\/\/www.kulisci.cz\/bydleni\/jake-prepravky-se-vyuzivaji\/#breadcrumbitem"}]}]