[{"@context":"https:\/\/schema.org\/","@type":"Article","@id":"https:\/\/www.kulisci.cz\/bydleni\/jake-schody-umistit-tam-kde-je-malo-mista\/#Article","mainEntityOfPage":"https:\/\/www.kulisci.cz\/bydleni\/jake-schody-umistit-tam-kde-je-malo-mista\/","headline":"Jak\u00e9 schody um\u00edstit tam, kde je m\u00e1lo m\u00edsta","name":"Jak\u00e9 schody um\u00edstit tam, kde je m\u00e1lo m\u00edsta","description":"P\u0159edstavte si situaci, \u017ee jste zd\u011bdili po rodi\u010d\u00edch rodinn\u00fd d\u016fm s jedn\u00edm nadzemn\u00edm podla\u017e\u00edm, kter\u00e9 zasahuje do p\u016fdn\u00edch prostor provizorn\u00edm d\u0159ev\u011bn\u00fdm \u017eeb\u0159\u00edkem. P\u016fda je ale natolik prostorn\u00e1 a zaj\u00edmav\u011b \u010dlenit\u00e1, \u017ee by st\u00e1lo za \u00favahu vybudovat tu obytn\u00e9 prostory. Jedin\u00fd probl\u00e9m tkv\u00ed v tom, \u017ee p\u0159\u00edstup do p\u016fdn\u00edch prostor je pom\u011brn\u011b \u00fazk\u00fd, a vy\u017eaduje d\u016fkladn\u011b...","datePublished":"2023-11-19","dateModified":"2023-11-19","author":{"@type":"Person","@id":"https:\/\/www.kulisci.cz\/author\/#Person","name":"","url":"https:\/\/www.kulisci.cz\/author\/","identifier":1,"image":{"@type":"ImageObject","@id":"https:\/\/secure.gravatar.com\/avatar\/29b4b7cf61bc7f4a3cff4e7146cbe3cb?s=96&d=mm&r=g","url":"https:\/\/secure.gravatar.com\/avatar\/29b4b7cf61bc7f4a3cff4e7146cbe3cb?s=96&d=mm&r=g","height":96,"width":96}},"publisher":{"@type":"Organization","name":"kulisci.cz","logo":{"@type":"ImageObject","@id":"\/logo.png","url":"\/logo.png","width":600,"height":60}},"image":{"@type":"ImageObject","@id":"https:\/\/www.kulisci.cz\/wp-content\/uploads\/stairs-2813851_640.jpg","url":"https:\/\/www.kulisci.cz\/wp-content\/uploads\/stairs-2813851_640.jpg","height":0,"width":0},"url":"https:\/\/www.kulisci.cz\/bydleni\/jake-schody-umistit-tam-kde-je-malo-mista\/","wordCount":416,"articleBody":"      P\u0159edstavte si situaci, \u017ee jste zd\u011bdili po rodi\u010d\u00edch rodinn\u00fd d\u016fm s jedn\u00edm nadzemn\u00edm podla\u017e\u00edm, kter\u00e9 zasahuje do p\u016fdn\u00edch prostor provizorn\u00edm d\u0159ev\u011bn\u00fdm \u017eeb\u0159\u00edkem. P\u016fda je ale natolik prostorn\u00e1 a zaj\u00edmav\u011b \u010dlenit\u00e1, \u017ee by st\u00e1lo za \u00favahu vybudovat tu obytn\u00e9 prostory. Jedin\u00fd probl\u00e9m tkv\u00ed v tom, \u017ee p\u0159\u00edstup do p\u016fdn\u00edch prostor je pom\u011brn\u011b \u00fazk\u00fd, a vy\u017eaduje d\u016fkladn\u011b promyslet, jak\u00e9 tu v tomto p\u0159\u00edpad\u011b vybudovat schodi\u0161t\u011b.Schodi\u0161\u0165 existuje cel\u00e1 \u0159ada typ\u016f, mohou b\u00fdt lomen\u00e9 nebo p\u0159\u00edm\u00e9 s r\u016fzn\u00fdm \u00fahlem sklonu a \u0161\u00ed\u0159\u00ed stup\u0148\u016f, ale pro tyto \u00fa\u010dely se nehod\u00ed ani jedno z nich. Zde v\u00e1m stavebn\u00ed firma navrhne to\u010dit\u00e9 schody. Jak\u00e9 jsou jejich z\u00e1sadn\u00ed v\u00fdhody a tak\u00e9 nev\u00fdhody?V p\u016fdorysu vysta\u010d\u00edte jen s mal\u00fdm pr\u016f\u0159ezem \u2013 lomen\u00e1 a p\u0159\u00edm\u00e1 schodi\u0161t\u011b vy\u017eaduj\u00ed pom\u011brn\u011b mnoho prostoru a ukroj\u00ed v\u00e1m z m\u00edstnosti plochu n\u011bkolika \u010dtvere\u010dn\u00edch metr\u016f. S to\u010dit\u00fdmi schody kmkdesign.cz je to mnohem v\u00fdhodn\u011bj\u0161\u00ed, proto\u017ee se obt\u00e1\u010d\u00ed kolem centr\u00e1ln\u00edho sloupu a jejich v\u00e1lcov\u00fd tvar pot\u0159ebuje na sv\u00e9 z\u00e1kladn\u011b jen n\u011bco kolem jednoho metru \u010dtvere\u010dn\u00edho. Schodi\u0161t\u011b nav\u00edc m\u016f\u017eete um\u00edstit kamkoli, jak na okraj prostoru, tak i p\u0159\u00edmo do jeho st\u0159edu.Kr\u00e1sa a elegance \u2013 zn\u00e1te hez\u010d\u00ed typ schod\u016f, ne\u017e je tento? Mo\u017en\u00e1 je\u0161t\u011b n\u011bkter\u00e9 lomen\u00e9 schody do tvaru r\u016fzn\u00fdch k\u0159ivek, s t\u011bmi se elegance to\u010dit\u00fdch schod\u016f m\u016f\u017ee srovn\u00e1vat, ale klasick\u00e9 rovn\u00e9 schody jen st\u011b\u017e\u00ed. Jakmile vstoup\u00edte do domu, upoutaj\u00ed v\u00e1s na prvn\u00ed pohled a sv\u00fdm dominantn\u00edm postaven\u00edm v\u00e1s dostanou. Va\u0161e n\u00e1v\u0161t\u011bva bude z\u0159ejm\u011b cht\u00edt vyzkou\u0161et se po nich proj\u00edt, tak j\u00ed to umo\u017en\u011bte, i kdy\u017e povedou do va\u0161\u00ed lo\u017enice, kam se n\u00e1v\u0161t\u011bvy obvykle nezvou.Chladni\u010dku tam po schodech nevynesete \u2013 abychom ale nehovo\u0159ili jen o sam\u00fdch kladech. To\u010dit\u00e9 schodi\u0161t\u011b m\u00e1 i sv\u00e9 nev\u00fdhody, vlastn\u011b je to z\u0159ejm\u011b jen jedna jedin\u00e1, ov\u0161em podstatn\u00e1. Budete m\u00edt probl\u00e9m tudy p\u0159est\u011bhovat objemn\u011bj\u0161\u00ed p\u0159edm\u011bty. T\u0159eba takov\u00e1 chladni\u010dka s mraz\u00e1kem nebo velk\u00e9 akv\u00e1rium \u010di televizor tudy z\u0159ejm\u011b neprojdou v\u016fbec.                                                                                                                                                                                                                                                                                                                                                                                          4\/5 - (1 vote)        "},{"@context":"https:\/\/schema.org\/","@type":"BreadcrumbList","itemListElement":[{"@type":"ListItem","position":1,"name":"Bydleni","item":"https:\/\/www.kulisci.cz\/bydleni\/#breadcrumbitem"},{"@type":"ListItem","position":2,"name":"Jak\u00e9 schody um\u00edstit tam, kde je m\u00e1lo m\u00edsta","item":"https:\/\/www.kulisci.cz\/bydleni\/jake-schody-umistit-tam-kde-je-malo-mista\/#breadcrumbitem"}]}]