[{"@context":"https:\/\/schema.org\/","@type":"Article","@id":"https:\/\/www.kulisci.cz\/bydleni\/jde-to-i-bez\/#Article","mainEntityOfPage":"https:\/\/www.kulisci.cz\/bydleni\/jde-to-i-bez\/","headline":"Jde to i bez","name":"Jde to i bez","description":"Pokud m\u00e1te dost prostoru, najde se jist\u011b mnoho \u0159e\u0161en\u00ed a n\u011bkdy i netradi\u010dn\u00edch, kam lo\u017enici um\u00edstit i p\u0159esto, \u017ee to nebude samostatn\u00e1 m\u00edstnost. Pro \u0161\u0165astn\u00e9 a spokojen\u00e9 bydlen\u00ed je d\u016fle\u017eit\u00e9, abyste m\u011bli v\u0161echno, tedy kuchy\u0148, koupelnu, p\u0159eds\u00ed\u0148, ob\u00fdv\u00e1k a lo\u017enici. Co ale d\u011blat kdy\u017e m\u00edstnost, kter\u00e1 by mohla jako lo\u017enice slou\u017eit, prost\u011b nen\u00ed, proto\u017ee byt...","datePublished":"2018-06-01","dateModified":"2018-06-01","author":{"@type":"Person","@id":"https:\/\/www.kulisci.cz\/author\/#Person","name":"","url":"https:\/\/www.kulisci.cz\/author\/","identifier":1,"image":{"@type":"ImageObject","@id":"https:\/\/secure.gravatar.com\/avatar\/29b4b7cf61bc7f4a3cff4e7146cbe3cb?s=96&d=mm&r=g","url":"https:\/\/secure.gravatar.com\/avatar\/29b4b7cf61bc7f4a3cff4e7146cbe3cb?s=96&d=mm&r=g","height":96,"width":96}},"publisher":{"@type":"Organization","name":"kulisci.cz","logo":{"@type":"ImageObject","@id":"\/logo.png","url":"\/logo.png","width":600,"height":60}},"image":{"@type":"ImageObject","@id":"https:\/\/www.kulisci.cz\/wp-content\/uploads\/img_a319821_w2352_t1530905457.jpg","url":"https:\/\/www.kulisci.cz\/wp-content\/uploads\/img_a319821_w2352_t1530905457.jpg","height":0,"width":0},"url":"https:\/\/www.kulisci.cz\/bydleni\/jde-to-i-bez\/","wordCount":425,"articleBody":"Pokud m\u00e1te dost prostoru, najde se jist\u011b mnoho \u0159e\u0161en\u00ed a n\u011bkdy i netradi\u010dn\u00edch, kam lo\u017enici um\u00edstit i p\u0159esto, \u017ee to nebude samostatn\u00e1 m\u00edstnost. Pro \u0161\u0165astn\u00e9 a spokojen\u00e9 bydlen\u00ed je d\u016fle\u017eit\u00e9, abyste m\u011bli v\u0161echno, tedy kuchy\u0148, koupelnu, p\u0159eds\u00ed\u0148, ob\u00fdv\u00e1k a lo\u017enici. Co ale d\u011blat kdy\u017e m\u00edstnost, kter\u00e1 by mohla jako lo\u017enice slou\u017eit, prost\u011b nen\u00ed, proto\u017ee byt je mal\u00fd a nafouknout se bohu\u017eel ned\u00e1. Pak nezb\u00fdv\u00e1, ne\u017e nap\u0159. spojit ob\u00fdvaj\u00ed pokoj s lo\u017enic\u00ed. A v\u011b\u0159te, \u017ee to lze ud\u011blat nejen \u00fa\u010deln\u011b, ale i n\u00e1padit\u011b, nen\u00e1siln\u011b a efektivn\u011b.Span\u00ed ve v\u00fd\u0161k\u00e1chJestli\u017ee m\u00e1te byt ve star\u0161\u00ed z\u00e1stavb\u011b, kde jsou vysok\u00e9 stropy, jedn\u00edm z mo\u017en\u00fdch \u0159e\u0161en\u00ed je um\u00edst\u011bn\u00ed postele do patra, tedy pod strop. Toto um\u00edst\u011bn\u00ed je v\u00fdhodn\u00e9 p\u0159edev\u0161\u00edm t\u00edm, \u017ee u\u0161et\u0159\u00ed spoustu prostoru. Ale m\u00e1 to i sv\u00e9 z\u00e1porn\u00e9 str\u00e1nky. U d\u011bt\u00ed jsou vhodn\u00e9 palandy nebo patrov\u00e9 postele. Tento typ se v\u0161ak pro partnery nehod\u00ed. Nav\u00edc d\u011bti r\u00e1dy \u0161plhaj\u00ed a lezou. U dosp\u011bl\u00fdch by v ur\u010dit\u00e9m v\u011bku mohl b\u00fdt probl\u00e9m dost\u00e1vat se do postele po schodech. Tedy span\u00ed um\u00edst\u011bn\u00e9 ve v\u00fd\u0161ce je vhodn\u00e9 sp\u00ed\u0161e pro mlad\u0161\u00ed p\u00e1ry a nen\u00ed probl\u00e9m nechat zhotovit postel p\u0159\u00edmo na m\u00edru podle va\u0161ich po\u017eadavk\u016f a mo\u017enost\u00ed. Tuto variantu tedy d\u016fkladn\u011b zva\u017ete, myslete i na to, \u017ee prostor od postele ke stropu by m\u011bl b\u00fdt situov\u00e1n tak, aby se tam mohl \u010dlov\u011bk posadit. Samoz\u0159ejmost\u00ed by m\u011bla b\u00fdt ochrana proti p\u00e1du.Rozkl\u00e1dac\u00ed span\u00edDal\u0161\u00ed, mo\u017en\u00e1 i levn\u011bj\u0161\u00ed variantou, kde tr\u00e1vit noci, je po\u0159\u00eddit si do ob\u00fdvac\u00ed \u010d\u00e1sti bytu rozkl\u00e1dac\u00ed pohovku. Prostor t\u00edm u\u0161et\u0159\u00edte ka\u017edop\u00e1dn\u011b, ale bohu\u017eel se nevyhnete denn\u00edmu zastl\u00e1v\u00e1n\u00ed, rozestl\u00e1v\u00e1n\u00ed, skl\u00e1d\u00e1n\u00ed a rozkl\u00e1d\u00e1n\u00ed seda\u010dky. Sedac\u00ed soupravu byste m\u011bli po\u0159izovat v\u017edy s dostate\u010dn\u011b velk\u00fdm \u00falo\u017en\u00fdm prostorem, kam budete moci p\u0159es den ulo\u017eit pe\u0159iny a pol\u0161t\u00e1\u0159e. Rozkl\u00e1dac\u00ed l\u016f\u017eku se hod\u00ed i do d\u011btsk\u00fdch pokoj\u016f, kdy\u017e se rozhodne p\u0159espat kamar\u00e1d \u010di kamar\u00e1dka, probl\u00e9m je hned vy\u0159e\u0161en.                                                                                                                                                                                                                                                                                                                                                                                        5\/5 - (2 votes)        "},{"@context":"https:\/\/schema.org\/","@type":"BreadcrumbList","itemListElement":[{"@type":"ListItem","position":1,"name":"Bydleni","item":"https:\/\/www.kulisci.cz\/bydleni\/#breadcrumbitem"},{"@type":"ListItem","position":2,"name":"Jde to i bez","item":"https:\/\/www.kulisci.cz\/bydleni\/jde-to-i-bez\/#breadcrumbitem"}]}]