[{"@context":"https:\/\/schema.org\/","@type":"Article","@id":"https:\/\/www.kulisci.cz\/bydleni\/najit-zubare-je-problem\/#Article","mainEntityOfPage":"https:\/\/www.kulisci.cz\/bydleni\/najit-zubare-je-problem\/","headline":"Naj\u00edt zuba\u0159e je probl\u00e9m","name":"Naj\u00edt zuba\u0159e je probl\u00e9m","description":"Pot\u0159ebujete zuba\u0159e? Podle pr\u016fzkum\u016f nem\u00e1 velk\u00e1 \u010d\u00e1st dosp\u011bl\u00e9 populace sv\u00e9ho st\u00e1l\u00e9ho zubn\u00edho l\u00e9ka\u0159e. Co za t\u00edm stoj\u00ed? P\u0159edev\u0161\u00edm to, \u017ee je jich nedostatek a nov\u00e9 pacienty neberou. Za tento stav ale mohou i samotn\u00ed pacienti, kte\u0159\u00ed zanedb\u00e1vaj\u00ed \u00fastn\u00ed hygienu, a proto potom pot\u0159ebuj\u00ed \u010dast\u00e1 o\u0161et\u0159en\u00ed v zubn\u00ed ordinaci. P\u0159itom m\u00edt zdrav\u00e9 zuby je levn\u011bj\u0161\u00ed, ne\u017e...","datePublished":"2025-02-18","dateModified":"2025-02-18","author":{"@type":"Person","@id":"https:\/\/www.kulisci.cz\/author\/#Person","name":"","url":"https:\/\/www.kulisci.cz\/author\/","identifier":1,"image":{"@type":"ImageObject","@id":"https:\/\/secure.gravatar.com\/avatar\/29b4b7cf61bc7f4a3cff4e7146cbe3cb?s=96&d=mm&r=g","url":"https:\/\/secure.gravatar.com\/avatar\/29b4b7cf61bc7f4a3cff4e7146cbe3cb?s=96&d=mm&r=g","height":96,"width":96}},"publisher":{"@type":"Organization","name":"kulisci.cz","logo":{"@type":"ImageObject","@id":"\/logo.png","url":"\/logo.png","width":600,"height":60}},"image":{"@type":"ImageObject","@id":"https:\/\/www.kulisci.cz\/wp-content\/uploads\/dentist-1639683_640_10_10_10_10_10_10_8.jpg","url":"https:\/\/www.kulisci.cz\/wp-content\/uploads\/dentist-1639683_640_10_10_10_10_10_10_8.jpg","height":0,"width":0},"url":"https:\/\/www.kulisci.cz\/bydleni\/najit-zubare-je-problem\/","wordCount":412,"articleBody":"      Pot\u0159ebujete zuba\u0159e? Podle pr\u016fzkum\u016f nem\u00e1 velk\u00e1 \u010d\u00e1st dosp\u011bl\u00e9 populace sv\u00e9ho st\u00e1l\u00e9ho zubn\u00edho l\u00e9ka\u0159e. Co za t\u00edm stoj\u00ed? P\u0159edev\u0161\u00edm to, \u017ee je jich nedostatek a nov\u00e9 pacienty neberou. Za tento stav ale mohou i samotn\u00ed pacienti, kte\u0159\u00ed zanedb\u00e1vaj\u00ed \u00fastn\u00ed hygienu, a proto potom pot\u0159ebuj\u00ed \u010dast\u00e1 o\u0161et\u0159en\u00ed v zubn\u00ed ordinaci. P\u0159itom m\u00edt zdrav\u00e9 zuby je levn\u011bj\u0161\u00ed, ne\u017e se je sna\u017eit pozd\u011bji zachr\u00e1nit. A krom\u011b toho je pravideln\u00e9 \u010di\u0161t\u011bn\u00ed zub\u016f samoz\u0159ejm\u011b i nebolestiv\u00e9, na rozd\u00edl od mnoha zubn\u00edch z\u00e1krok\u016f. P\u0159esv\u011bd\u010dit ale n\u011bkter\u00e9 lidi, aby se o svoje zuby za\u010dali kone\u010dn\u011b starat, je nadlidsk\u00fd \u00fakol.Probl\u00e9m i s d\u011btmi Kdy\u017e maj\u00ed rodi\u010de zuby ve \u0161patn\u00e9m stavu, v naprost\u00e9 v\u011bt\u0161in\u011b p\u0159\u00edpad\u016f stejn\u011b dopadnou i jejich d\u011bti. Ordinace se pln\u00ed d\u011btmi, kter\u00e9 maj\u00ed zni\u010den\u00e9 zuby u\u017e v p\u0159ed\u0161koln\u00edm v\u011bku, a tedy maj\u00ed probl\u00e9my s ml\u00e9\u010dn\u00fdmi zuby. Op\u011bt by sta\u010dilo, kdyby jejich rodi\u010de dbali na to, aby si jejich d\u011bti zuby \u010distily sv\u011bdomit\u011b, a v prvn\u00edch letech \u017eivota jim je \u010distili sami. D\u016fkladn\u00e9 \u010di\u0161t\u011bn\u00ed zub\u016f zahrnuje nejen \u010di\u0161t\u011bn\u00ed ploch zub\u016f, ale i mezizubn\u00edch prostor. Proto\u017ee pr\u00e1v\u011b mezi zuby vznik\u00e1 nejv\u00edce zubn\u00edch kaz\u016f, co\u017e je nejroz\u0161\u00ed\u0159en\u011bj\u0161\u00ed probl\u00e9m, se kter\u00fdm lid\u00ed do ordinac\u00ed chod\u00ed. Skute\u010dn\u011b sta\u010d\u00ed si zuby po\u0159\u00e1dn\u011b \u010distit, a dvakr\u00e1t ro\u010dn\u011b zaj\u00edt na preventivn\u00ed prohl\u00eddku. Ani na tu mnoho lid\u00ed nechod\u00ed, a potom se div\u00ed, \u017ee pot\u0159ebuj\u00ed pomoct od l\u00e9ka\u0159e. M\u00e1lokter\u00fd l\u00e9ka\u0159 dnes bere nov\u00e9 pacienty, a proto je pot\u0159eba si zjistit, zda m\u00e1 n\u011bkter\u00e1 ordinace voln\u00e9 kapacity. N\u011bkdy se stane, \u017ee se otev\u00edr\u00e1 nov\u00e1 ordinace a \u017ee aktu\u00e1ln\u011b bere nov\u00e9 pacienty, ale st\u00e1v\u00e1 se to m\u00e1lokdy. Chcete v\u011bd\u011bt, zda n\u011bkde aktu\u00e1ln\u011b prob\u00edh\u00e1 p\u0159\u00edjem nov\u00fdch pacient\u016f stomatologie v Praze? U n\u00e1s zat\u00edm nov\u00e9 pacienty bereme. Je ale nutn\u00e9 se u n\u00e1s zaregistrovat co nejd\u0159\u00edve, proto\u017ee tak jako jinde, i u n\u00e1s se kapacity pln\u00ed velmi rychle. Registrovat se mohou dosp\u011bl\u00ed i s d\u011btmi, v\u0161em zaji\u0161\u0165ujeme p\u00e9\u010di bez rozd\u00edlu.                                                                                                                                                                                                                                                                                                                                                                                          3.5\/5 - (2 votes)        "},{"@context":"https:\/\/schema.org\/","@type":"BreadcrumbList","itemListElement":[{"@type":"ListItem","position":1,"name":"Bydleni","item":"https:\/\/www.kulisci.cz\/bydleni\/#breadcrumbitem"},{"@type":"ListItem","position":2,"name":"Naj\u00edt zuba\u0159e je probl\u00e9m","item":"https:\/\/www.kulisci.cz\/bydleni\/najit-zubare-je-problem\/#breadcrumbitem"}]}]