[{"@context":"https:\/\/schema.org\/","@type":"Article","@id":"https:\/\/www.kulisci.cz\/bydleni\/nezapominejte-pred-stehovanim-zajistit-parkovaci-misto\/#Article","mainEntityOfPage":"https:\/\/www.kulisci.cz\/bydleni\/nezapominejte-pred-stehovanim-zajistit-parkovaci-misto\/","headline":"Nezapom\u00ednejte p\u0159ed st\u011bhov\u00e1n\u00edm zajistit parkovac\u00ed m\u00edsto","name":"Nezapom\u00ednejte p\u0159ed st\u011bhov\u00e1n\u00edm zajistit parkovac\u00ed m\u00edsto","description":"Kdy\u017e se lid\u00e9 bav\u00ed o st\u011bhov\u00e1n\u00ed a l\u00ed\u010d\u00ed sv\u00e9 \u017eivotn\u00ed p\u0159\u00edb\u011bhy jin\u00fdm, kte\u0159\u00ed dosud nemaj\u00ed s t\u00edmto procesem mnoho zku\u0161enost\u00ed, obvykle popisuj\u00ed r\u016fzn\u00e9 situace spojen\u00e9 s balen\u00edm v\u011bc\u00ed, s administrativn\u00edmi \u00fakony, s p\u0159esunem b\u0159emen ve st\u011bhovac\u00edm voze a s vybalov\u00e1n\u00edm a zabydlov\u00e1n\u00edm. Toto v\u0161e se zd\u00e1 pom\u011brn\u011b jasn\u00e9 a srozumiteln\u00e9 a na toto t\u00e9ma lze...","datePublished":"2022-11-13","dateModified":"2022-11-13","author":{"@type":"Person","@id":"https:\/\/www.kulisci.cz\/author\/#Person","name":"","url":"https:\/\/www.kulisci.cz\/author\/","identifier":1,"image":{"@type":"ImageObject","@id":"https:\/\/secure.gravatar.com\/avatar\/29b4b7cf61bc7f4a3cff4e7146cbe3cb?s=96&d=mm&r=g","url":"https:\/\/secure.gravatar.com\/avatar\/29b4b7cf61bc7f4a3cff4e7146cbe3cb?s=96&d=mm&r=g","height":96,"width":96}},"publisher":{"@type":"Organization","name":"kulisci.cz","logo":{"@type":"ImageObject","@id":"\/logo.png","url":"\/logo.png","width":600,"height":60}},"image":{"@type":"ImageObject","@id":"https:\/\/www.kulisci.cz\/wp-content\/uploads\/businessman-gb2bc06a31_640.jpg","url":"https:\/\/www.kulisci.cz\/wp-content\/uploads\/businessman-gb2bc06a31_640.jpg","height":0,"width":0},"url":"https:\/\/www.kulisci.cz\/bydleni\/nezapominejte-pred-stehovanim-zajistit-parkovaci-misto\/","wordCount":438,"articleBody":"         Kdy\u017e se lid\u00e9 bav\u00ed o st\u011bhov\u00e1n\u00ed a l\u00ed\u010d\u00ed sv\u00e9 \u017eivotn\u00ed p\u0159\u00edb\u011bhy jin\u00fdm, kte\u0159\u00ed dosud nemaj\u00ed s t\u00edmto procesem mnoho zku\u0161enost\u00ed, obvykle popisuj\u00ed r\u016fzn\u00e9 situace spojen\u00e9 s balen\u00edm v\u011bc\u00ed, s administrativn\u00edmi \u00fakony, s p\u0159esunem b\u0159emen ve st\u011bhovac\u00edm voze a s vybalov\u00e1n\u00edm a zabydlov\u00e1n\u00edm. Toto v\u0161e se zd\u00e1 pom\u011brn\u011b jasn\u00e9 a srozumiteln\u00e9 a na toto t\u00e9ma lze v\u00e9st i dlouh\u00e9 debaty. Ov\u0161em st\u00e1v\u00e1 se, \u017ee se zapom\u00edn\u00e1 na samotn\u00e9 m\u00edsto pro p\u0159istaven\u00ed st\u011bhovac\u00edho n\u00e1kladn\u00edho automobilu.Jestli\u017ee jde o st\u011bhov\u00e1n\u00ed cel\u00e9ho bytu nebo rodinn\u00e9ho domu, je obvykle zapot\u0159eb\u00ed zajistit parkov\u00e1n\u00ed pro kamion, a to nen\u00ed jen tak. Proto byste si m\u011bli pokl\u00e1dat ot\u00e1zku, zda maj\u00ed st\u011bhov\u00e1ci kde zaparkovat https:\/\/stehovani-mamut.cz\/maji-stehovaci-kde-zaparkovat\/, v p\u0159edstihu, a po\u010d\u00edtat s r\u016fzn\u00fdmi komplikacemi, kter\u00e9 vyvst\u00e1vaj\u00ed zejm\u00e9na dnes, v sou\u010dasn\u00e9 dob\u011b, ve v\u011bt\u0161\u00edch m\u011bstech.,Placen\u00e9 parkov\u00e1n\u00ed v Praze a v dal\u0161\u00edch m\u011bstech \u2013 ti z v\u00e1s, kte\u0159\u00ed jste za\u017eili st\u011bhov\u00e1n\u00ed na po\u010d\u00e1tku 90. let nap\u0159. v r\u00e1mci Prahy, m\u016f\u017eete srovn\u00e1vat tamn\u00ed situaci s tou sou\u010dasnou. Tehdy sta\u010dilo p\u0159ijet s kamionem p\u0159ed bytov\u00fd d\u016fm a st\u011bhov\u00e1n\u00ed mohlo za\u010d\u00edt, i kdy\u017e byly pochopiteln\u011b v\u00fdjimky, kde byl s parkov\u00e1n\u00edm ur\u010dit\u00fd probl\u00e9m kv\u016fli omezen\u00e9 kapacit\u011b st\u00e1n\u00ed, ale dnes je situace diametr\u00e1ln\u011b odli\u0161n\u00e1. V pr\u016fb\u011bhu n\u011bkolika des\u00edtek let toti\u017e vzrostl po\u010det automobil\u016f v Praze n\u011bkolikan\u00e1sobn\u011b, a ulice jsou jimi doslova p\u0159ecpan\u00e9. Placen\u00e9 parkov\u00e1n\u00ed je naprosto b\u011b\u017en\u00e9 a t\u00fdk\u00e1 se to pochopiteln\u011b i st\u011bhov\u00e1k\u016f. Dal\u0161\u00ed probl\u00e9m tkv\u00ed v tom, \u017ee nemus\u00edte m\u00edt ve st\u011bhovac\u00ed den p\u0159e domem voln\u00e9 m\u00edsto, a co pak?Naprosto z\u00e1sadn\u00ed je zajistit parkovac\u00ed m\u00edsto pro st\u011bhovac\u00ed firmu na m\u011bstsk\u00e9m magistr\u00e1tu, na odboru dopravy. \u00da\u0159edn\u00edci v\u00e1m vyhov\u00ed, v tom probl\u00e9m nen\u00ed, ale \u017e\u00e1dost mus\u00edte podat minim\u00e1ln\u011b 30 kalend\u00e1\u0159n\u00edch dn\u016f p\u0159edem, co\u017e je z\u00e1konn\u00e1 lh\u016fta na vy\u0159\u00edzen\u00ed \u017e\u00e1dosti. Z\u00e1rove\u0148 mus\u00edte (nejl\u00e9pe ve\u010der, v den p\u0159ed st\u011bhov\u00e1n\u00edm) vyhrazen\u00e9 parkovac\u00ed m\u00edsto zajistit fyzicky \u2013 nejl\u00e9pe n\u011bjakou z\u00e1branou z pneumatik, d\u0159ev\u011bn\u00fdch palet, dopravn\u00edch ku\u017eel\u016f a plastov\u00fdch z\u00e1bran atp.                                                                                                                                                                                                                                                                                                                                                                                          5\/5 - (2 votes)        "},{"@context":"https:\/\/schema.org\/","@type":"BreadcrumbList","itemListElement":[{"@type":"ListItem","position":1,"name":"Bydleni","item":"https:\/\/www.kulisci.cz\/bydleni\/#breadcrumbitem"},{"@type":"ListItem","position":2,"name":"Nezapom\u00ednejte p\u0159ed st\u011bhov\u00e1n\u00edm zajistit parkovac\u00ed m\u00edsto","item":"https:\/\/www.kulisci.cz\/bydleni\/nezapominejte-pred-stehovanim-zajistit-parkovaci-misto\/#breadcrumbitem"}]}]