[{"@context":"https:\/\/schema.org\/","@type":"Article","@id":"https:\/\/www.kulisci.cz\/bydleni\/panska-udrzitelna-moda\/#Article","mainEntityOfPage":"https:\/\/www.kulisci.cz\/bydleni\/panska-udrzitelna-moda\/","headline":"P\u00e1nsk\u00e1 udr\u017eiteln\u00e1 m\u00f3da","name":"P\u00e1nsk\u00e1 udr\u017eiteln\u00e1 m\u00f3da","description":"Posledn\u00ed dobou se do pov\u011bdom\u00ed st\u00e1le v\u00edce dost\u00e1v\u00e1 pojem \u201eudr\u017eiteln\u00e1 m\u00f3da\u201c. Co tento pojem znamen\u00e1 a \u010d\u00edm se vyzna\u010duje? Pojem sustainable fashion neboli \u010desky: udr\u017eiteln\u00e1 m\u00f3da znamen\u00e1, \u017ee jde o oble\u010den\u00ed, kter\u00e9 budeme moct nosit i za p\u00e1r let nebo desetilet\u00ed. Jde tedy o to, \u017ee nebude nijak vybo\u010dovat z\u00a0m\u00f3dn\u00edch trend\u016f ani za dlouhou dobu....","datePublished":"2020-01-23","dateModified":"2020-01-23","author":{"@type":"Person","@id":"https:\/\/www.kulisci.cz\/author\/#Person","name":"","url":"https:\/\/www.kulisci.cz\/author\/","identifier":1,"image":{"@type":"ImageObject","@id":"https:\/\/secure.gravatar.com\/avatar\/29b4b7cf61bc7f4a3cff4e7146cbe3cb?s=96&d=mm&r=g","url":"https:\/\/secure.gravatar.com\/avatar\/29b4b7cf61bc7f4a3cff4e7146cbe3cb?s=96&d=mm&r=g","height":96,"width":96}},"publisher":{"@type":"Organization","name":"kulisci.cz","logo":{"@type":"ImageObject","@id":"\/logo.png","url":"\/logo.png","width":600,"height":60}},"image":{"@type":"ImageObject","@id":"https:\/\/www.kulisci.cz\/wp-content\/uploads\/img_a367937_w4237_t1580320276.jpg","url":"https:\/\/www.kulisci.cz\/wp-content\/uploads\/img_a367937_w4237_t1580320276.jpg","height":0,"width":0},"url":"https:\/\/www.kulisci.cz\/bydleni\/panska-udrzitelna-moda\/","wordCount":409,"articleBody":"Posledn\u00ed dobou se do pov\u011bdom\u00ed st\u00e1le v\u00edce dost\u00e1v\u00e1 pojem \u201eudr\u017eiteln\u00e1 m\u00f3da\u201c. Co tento pojem znamen\u00e1 a \u010d\u00edm se vyzna\u010duje?Pojem sustainable fashion neboli \u010desky: udr\u017eiteln\u00e1 m\u00f3da znamen\u00e1, \u017ee jde o oble\u010den\u00ed, kter\u00e9 budeme moct nosit i za p\u00e1r let nebo desetilet\u00ed. Jde tedy o to, \u017ee nebude nijak vybo\u010dovat z\u00a0m\u00f3dn\u00edch trend\u016f ani za dlouhou dobu.Jak tato m\u00f3da vypad\u00e1?Nejv\u00edce se jedn\u00e1 o oble\u010den\u00ed, kter\u00e9 je minimalistick\u00e9. Tedy jednobarevn\u00e1 tri\u010dka, jednobarevn\u00e9 ko\u0161ile nebo kalhoty, v\u011bt\u0161inou sp\u00ed\u0161e tmav\u0161\u00edch barev. Oble\u010den\u00ed by m\u011blo b\u00fdt z\u00a0kvalitn\u011bj\u0161\u00edch materi\u00e1l\u016f, pr\u00e1v\u011b proto, abyste si ho mohli obl\u00e9ct i za dal\u0161\u00edch p\u00e1r let. P\u0159edstavte si to sami, m\u00f3dn\u00ed trendy se vracej\u00ed (moment\u00e1ln\u011b je v\u00a0kurzu retro) a lid\u00e9 nakupuj\u00ed a vyhazuj\u00ed oble\u010den\u00ed zhruba ka\u017ed\u00e9 dva roky. Takov\u00e9 jednobarevn\u00e9 (\u010dern\u00e9 nebo b\u00edl\u00e9) tri\u010dko a oby\u010dejn\u00e9 kalhoty nebo rifle ale nep\u0159estaly b\u00fdt \u201ein\u201c nikdy. T\u00edm p\u00e1dem m\u016f\u017eete u\u0161et\u0159it pen\u00edze za oble\u010den\u00ed na dlouhou dobu dop\u0159edu.Za zm\u00ednku stoj\u00ed i ekologi\u010dnostAno, je tomu tak. Udr\u017eiteln\u00e1 m\u00f3da se \u010dasto popisuje jako m\u00f3da \u0161etrn\u00e1 k\u00a0\u017eivotn\u00edmu prost\u0159ed\u00ed. Jde o to, \u017ee pokud m\u00e1te v\u00a0\u0161atn\u00edk\u016f oble\u010den\u00ed, kter\u00e9 mus\u00edte vyhodit v\u017edycky, kdy\u017e si koup\u00edte n\u011bjak\u00e9 nov\u00e9, vytv\u00e1\u0159\u00edte t\u00edm zbyte\u010dn\u011b moc odpadu. Pokud ale m\u00e1te oble\u010den\u00ed, kter\u00e9 nebude ztr\u00e1cet na kvalit\u011b a budete se v\u00a0n\u011bm c\u00edtit st\u00e1le pohodln\u011b, nemus\u00edte ho vyhazovat a t\u00edm p\u00e1dem nebudete zat\u011b\u017eovat \u017eivotn\u00ed prost\u0159ed\u00ed. Je\u0161t\u011b l\u00e9pe ud\u011bl\u00e1te, kdy\u017e bude oble\u010den\u00ed p\u0159\u00edmo vyroben\u00e9 z\u00a0ekologick\u00fdch nebo z\u00a0recyklovan\u00fdch materi\u00e1l\u016f. To u\u017e ale ov\u0161em z\u00e1le\u017e\u00ed na va\u0161ich priorit\u00e1ch a mnohdy bohu\u017eel i na cen\u011b, jeliko\u017e ekologicky vyr\u00e1b\u011bn\u00e9 oble\u010den\u00ed b\u00fdv\u00e1 \u010dasto dra\u017e\u0161\u00ed ne\u017e \u201enorm\u00e1ln\u00ed\u201c oble\u010den\u00ed.A\u0165 u\u017e m\u00e1te r\u00e1di minimalistick\u00e9 oble\u010den\u00ed, kter\u00e9 nijak nevy\u010dn\u00edv\u00e1 z\u00a0davu nebo jen chcete pomoct chr\u00e1nit \u017eivotn\u00ed prost\u0159ed\u00ed, ur\u010dit\u011b vsa\u010fte na udr\u017eitelnou m\u00f3du. Zaru\u010den\u011b tak osln\u00edte sv\u00e9 okol\u00ed, a nav\u00edc u\u0161et\u0159\u00edte za p\u0159edra\u017een\u00e9 m\u00f3dn\u00ed kousky.                                                                                                                                                                                                                                                                                                                                                                                                "},{"@context":"https:\/\/schema.org\/","@type":"BreadcrumbList","itemListElement":[{"@type":"ListItem","position":1,"name":"Bydleni","item":"https:\/\/www.kulisci.cz\/bydleni\/#breadcrumbitem"},{"@type":"ListItem","position":2,"name":"P\u00e1nsk\u00e1 udr\u017eiteln\u00e1 m\u00f3da","item":"https:\/\/www.kulisci.cz\/bydleni\/panska-udrzitelna-moda\/#breadcrumbitem"}]}]