[{"@context":"https:\/\/schema.org\/","@type":"Article","@id":"https:\/\/www.kulisci.cz\/bydleni\/prechodove-ritualy-svatba\/#Article","mainEntityOfPage":"https:\/\/www.kulisci.cz\/bydleni\/prechodove-ritualy-svatba\/","headline":"P\u0159echodov\u00e9 ritu\u00e1ly &#8211; svatba","name":"P\u0159echodov\u00e9 ritu\u00e1ly &#8211; svatba","description":"V\u00fdznamn\u00e9 ud\u00e1losti v \u017eivot\u011b ka\u017ed\u00e9ho \u010dlov\u011bka je t\u0159eba opravdu v\u011bdom\u011b pro\u017e\u00edt, oslavit a u\u017e\u00edt si je. Jde o ur\u010dit\u00e9 p\u0159echodov\u00e9 ritu\u00e1ly, kter\u00e9 mohou souviset s dosp\u00edv\u00e1n\u00edm, dokon\u010den\u00edm studia, \u017eivotn\u00ed jubilea, ale i narozeniny. V\u00fdznamn\u00e9 ritu\u00e1ly se tak\u00e9 nemus\u00ed t\u00fdkat jen jedn\u00e9 osoby, ale jde i o ritu\u00e1ly, kter\u00e9 se t\u00fdkaj\u00ed p\u00e1ru, rodiny i cel\u00e9 skupiny...","datePublished":"2022-04-03","dateModified":"2022-04-03","author":{"@type":"Person","@id":"https:\/\/www.kulisci.cz\/author\/#Person","name":"","url":"https:\/\/www.kulisci.cz\/author\/","identifier":1,"image":{"@type":"ImageObject","@id":"https:\/\/secure.gravatar.com\/avatar\/29b4b7cf61bc7f4a3cff4e7146cbe3cb?s=96&d=mm&r=g","url":"https:\/\/secure.gravatar.com\/avatar\/29b4b7cf61bc7f4a3cff4e7146cbe3cb?s=96&d=mm&r=g","height":96,"width":96}},"publisher":{"@type":"Organization","name":"kulisci.cz","logo":{"@type":"ImageObject","@id":"\/logo.png","url":"\/logo.png","width":600,"height":60}},"image":{"@type":"ImageObject","@id":"https:\/\/www.kulisci.cz\/wp-content\/uploads\/couple-gbe1d56d18_640.jpg","url":"https:\/\/www.kulisci.cz\/wp-content\/uploads\/couple-gbe1d56d18_640.jpg","height":0,"width":0},"url":"https:\/\/www.kulisci.cz\/bydleni\/prechodove-ritualy-svatba\/","wordCount":517,"articleBody":"   V\u00fdznamn\u00e9 ud\u00e1losti v \u017eivot\u011b ka\u017ed\u00e9ho \u010dlov\u011bka je t\u0159eba opravdu v\u011bdom\u011b pro\u017e\u00edt, oslavit a u\u017e\u00edt si je. Jde o ur\u010dit\u00e9 p\u0159echodov\u00e9 ritu\u00e1ly, kter\u00e9 mohou souviset s dosp\u00edv\u00e1n\u00edm, dokon\u010den\u00edm studia, \u017eivotn\u00ed jubilea, ale i narozeniny. V\u00fdznamn\u00e9 ritu\u00e1ly se tak\u00e9 nemus\u00ed t\u00fdkat jen jedn\u00e9 osoby, ale jde i o ritu\u00e1ly, kter\u00e9 se t\u00fdkaj\u00ed p\u00e1ru, rodiny i cel\u00e9 skupiny osob. Jde nap\u0159\u00edklad o z\u00e1snuby, svatbu, v\u00fdro\u010d\u00ed a dal\u0161\u00ed v\u00fdznamn\u00e9 ud\u00e1losti, kter\u00e9 mohou b\u00fdt rozd\u00edln\u00e9 a kter\u00e9 jsou p\u0159i ka\u017ed\u00e9ho jinak d\u016fle\u017eit\u00e9.Ritu\u00e1ly jsou v \u017eivot\u011b velmi d\u016fle\u017eit\u00e9. Zm\u011bna b\u00fdv\u00e1 n\u00e1ro\u010dn\u00e1 a pr\u00e1v\u011b ritu\u00e1l ji pom\u00e1h\u00e1 l\u00e9pe zvl\u00e1dnout, p\u0159ekonat a sm\u00ed\u0159it se s n\u00ed. Proto\u017ee i radostn\u00e9 ud\u00e1losti jsou n\u00e1ro\u010dn\u00e9 nejenom ty smutn\u00e9, jako je nap\u0159\u00edklad poh\u0159eb. K t\u011bmto ritu\u00e1l\u016fm pat\u0159\u00ed ur\u010dit\u00e9 ob\u0159ady a tradice s nimi spojen\u00fdmi.Velkou zm\u011bnou b\u00fdvala a st\u00e1le b\u00fdv\u00e1 svatba. Dnes je tomu sice p\u0159i\u010d\u00edt\u00e1na jin\u00e1 v\u00e1ha ne\u017e d\u0159\u00edve, ale i tak m\u00e1 svatba svoje opodstatn\u011bn\u00ed a je d\u016fle\u017eit\u00e1 ve v\u00fdvoji p\u00e1ru. A pokud pl\u00e1nujete svatbu, pak si ji m\u016f\u017eete za\u0159\u00eddit velmi tradi\u010dn\u011b anebo naopak zcela jedine\u010dn\u011b a origin\u00e1ln\u011b. Je jen na v\u00e1s, co v\u00e1s l\u00e1k\u00e1, k \u010demu v\u00e1s to t\u00e1hne. Nebojte se si svoji svatbu za\u0159\u00eddit tak, jak chcete vy, jako partne\u0159i. Jde o v\u00e1s p\u0159echodov\u00fd ritu\u00e1l a nemus\u00edte plnit o\u010dek\u00e1v\u00e1n\u00ed ostatn\u00edch lid\u00ed.Tak\u017ee pokud chcete m\u00edt tradi\u010dn\u00ed svatbu se v\u0161\u00edm, co to obn\u00e1\u0161\u00ed, pak se j\u00ed nebojte za\u0159\u00eddit. K tradi\u010dn\u00ed svatb\u011b pat\u0159\u00ed i tradi\u010dn\u00ed svatebn\u00ed \u0161aty na m\u00edru svatebni-saty-spolecenske-plesove.cz. D\u00edky tomu, \u017ee si \u0161aty nech\u00e1te u\u0161\u00edt, tak z\u00edsk\u00e1te p\u0159esn\u011b takov\u00e9, kter\u00e9 budou odpov\u00eddat va\u0161im p\u0159edstav\u00e1m. Budete m\u00edt padnouc\u00ed \u0161aty, kter\u00e9 v\u00e1m budou pohodln\u00e9, kter\u00e9 budou na va\u0161i postavu a ve kter\u00fdch si v\u00e1\u0161 den u\u017eijete a budete se c\u00edtit kr\u00e1sn\u00e1. \u0160aty je mo\u017en\u00e9 tak\u00e9 po svatb\u011b nechat p\u0159ed\u011blat, t\u0159eba zkr\u00e1tit a jinak zapo\u0161\u00edt a z\u00edsk\u00e1te tak \u0161aty, kter\u00e9 m\u016f\u017eete vyu\u017e\u00edt i na dal\u0161\u00ed ud\u00e1losti. Tak\u017ee pokud jste dosud nena\u0161ly \u0161aty, kter\u00e9 by vyhovovaly va\u0161im o\u010dek\u00e1v\u00e1n\u00edm, pak jsou \u0161aty na m\u00edru pr\u00e1v\u011b pro v\u00e1s. Lze si tak\u00e9 nechat upravit \u0161aty, kter\u00e9 jste si po\u0159\u00eddily a p\u0159ed\u011blat je podle po\u017eadavk\u016f. \u0160aty jsou pro nev\u011bstu velmi d\u016fle\u017eit\u00e9 a tak je pot\u0159eba aby v\u0161e bylo v tomhle ohledu dokonal\u00e9, aby \u0161aty dob\u0159e vypadaly na postav\u011b, byly pohodln\u00e9 a \u017eena se v nich c\u00edtila velmi komfortn\u011b.                                                                                                                                                                                                                                                                                                                                                                                                  "},{"@context":"https:\/\/schema.org\/","@type":"BreadcrumbList","itemListElement":[{"@type":"ListItem","position":1,"name":"Bydleni","item":"https:\/\/www.kulisci.cz\/bydleni\/#breadcrumbitem"},{"@type":"ListItem","position":2,"name":"P\u0159echodov\u00e9 ritu\u00e1ly &#8211; svatba","item":"https:\/\/www.kulisci.cz\/bydleni\/prechodove-ritualy-svatba\/#breadcrumbitem"}]}]