[{"@context":"https:\/\/schema.org\/","@type":"Article","@id":"https:\/\/www.kulisci.cz\/bydleni\/prepnete-na-radio\/#Article","mainEntityOfPage":"https:\/\/www.kulisci.cz\/bydleni\/prepnete-na-radio\/","headline":"P\u0159epn\u011bte na r\u00e1dio","name":"P\u0159epn\u011bte na r\u00e1dio","description":"M\u00e1te \u0161patnou n\u00e1ladu a nev\u00edte, co by v\u00e1m j\u00ed zlep\u0161ilo? Tak p\u0159epn\u011bte na r\u00e1dio, r\u00e1dio Impuls je ta prav\u00e1 pohoda, kter\u00e1 v\u00e1s zaru\u010den\u011b nalad\u00ed. \u010cesk\u00e9 p\u00edsni\u010dky, zaj\u00edmav\u00e9 po\u0159ady a sout\u011b\u017ee, \u010derstv\u00e9 informace z dopravy i p\u0159\u00edmo od poslucha\u010d\u016f. S n\u00e1mi u\u017e \u0161patnou n\u00e1ladu m\u00edt nebudete, na\u0161e r\u00e1dio v\u00e1m udr\u017e\u00ed dobrou n\u00e1ladu po cel\u00fd den. R\u00e1dio,...","datePublished":"2025-01-28","dateModified":"2025-01-28","author":{"@type":"Person","@id":"https:\/\/www.kulisci.cz\/author\/#Person","name":"","url":"https:\/\/www.kulisci.cz\/author\/","identifier":1,"image":{"@type":"ImageObject","@id":"https:\/\/secure.gravatar.com\/avatar\/29b4b7cf61bc7f4a3cff4e7146cbe3cb?s=96&d=mm&r=g","url":"https:\/\/secure.gravatar.com\/avatar\/29b4b7cf61bc7f4a3cff4e7146cbe3cb?s=96&d=mm&r=g","height":96,"width":96}},"publisher":{"@type":"Organization","name":"kulisci.cz","logo":{"@type":"ImageObject","@id":"\/logo.png","url":"\/logo.png","width":600,"height":60}},"url":"https:\/\/www.kulisci.cz\/bydleni\/prepnete-na-radio\/","wordCount":175,"articleBody":"M\u00e1te \u0161patnou n\u00e1ladu a nev\u00edte, co by v\u00e1m j\u00ed zlep\u0161ilo? Tak p\u0159epn\u011bte na r\u00e1dio, r\u00e1dio Impuls je ta prav\u00e1 pohoda, kter\u00e1 v\u00e1s zaru\u010den\u011b nalad\u00ed. \u010cesk\u00e9 p\u00edsni\u010dky, zaj\u00edmav\u00e9 po\u0159ady a sout\u011b\u017ee, \u010derstv\u00e9 informace z dopravy i p\u0159\u00edmo od poslucha\u010d\u016f. S n\u00e1mi u\u017e \u0161patnou n\u00e1ladu m\u00edt nebudete, na\u0161e r\u00e1dio v\u00e1m udr\u017e\u00ed dobrou n\u00e1ladu po cel\u00fd den. R\u00e1dio, kter\u00e9 v\u00e1s postav\u00ed na nohy Nala\u010fte si r\u00e1dio Impuls, se kter\u00fdm m\u016f\u017eete jak r\u00e1no vst\u00e1vat, tak ve\u010der us\u00ednat. \u010cesk\u00e9 p\u00edsni\u010dky, po\u0159ady, kter\u00e9 budete s oblibou poslouchat, informace z dopravy, zpr\u00e1vy z domova i ze sv\u011bta, rann\u00ed sout\u011b\u017e Hal\u00f3, tady Impulsov\u00ed, kter\u00e1 v\u00e1s nenech\u00e1 sp\u00e1t, sta\u010d\u00ed se zaregistrovat a pak u\u017e jen b\u00fdt k dispozici na telefonu. Nebo si nechte zahr\u00e1t p\u00edsni\u010dku na p\u0159\u00e1n\u00ed a ud\u011blejte radost sob\u011b i sv\u00fdm bl\u00edzk\u00fdm.                                                                                                                                                                                                                                                                                                                                                                                                "},{"@context":"https:\/\/schema.org\/","@type":"BreadcrumbList","itemListElement":[{"@type":"ListItem","position":1,"name":"Bydleni","item":"https:\/\/www.kulisci.cz\/bydleni\/#breadcrumbitem"},{"@type":"ListItem","position":2,"name":"P\u0159epn\u011bte na r\u00e1dio","item":"https:\/\/www.kulisci.cz\/bydleni\/prepnete-na-radio\/#breadcrumbitem"}]}]