[{"@context":"https:\/\/schema.org\/","@type":"Article","@id":"https:\/\/www.kulisci.cz\/bydleni\/prijemne-prostredi\/#Article","mainEntityOfPage":"https:\/\/www.kulisci.cz\/bydleni\/prijemne-prostredi\/","headline":"P\u0159\u00edjemn\u00e9 prost\u0159ed\u00ed","name":"P\u0159\u00edjemn\u00e9 prost\u0159ed\u00ed","description":"Chcete se nau\u010dit \u0159\u00eddit a bydl\u00edte \u010di se zrovna na del\u0161\u00ed dobu nach\u00e1z\u00edte v na\u0161em hlavn\u00edm m\u011bst\u011b? V na\u0161\u00ed auto\u0161kole Praha se V\u00e1m to jist\u011b poda\u0159\u00ed. Nab\u00edz\u00edme bezkonkuren\u010dn\u00ed ceny nejen v na\u0161\u00ed metropoli, ale obecn\u011b v republice. \u010cek\u00e1 V\u00e1s p\u0159\u00edjemn\u00e9 prost\u0159ed\u00ed modern\u011b za\u0159\u00edzen\u00fdch u\u010deben i zku\u0161en\u00fd u\u010ditelsk\u00fd sbor, kter\u00e9mu nechyb\u00ed jak schopnosti, tak i empatie....","datePublished":"2024-12-13","dateModified":"2024-12-13","author":{"@type":"Person","@id":"https:\/\/www.kulisci.cz\/author\/#Person","name":"","url":"https:\/\/www.kulisci.cz\/author\/","identifier":1,"image":{"@type":"ImageObject","@id":"https:\/\/secure.gravatar.com\/avatar\/29b4b7cf61bc7f4a3cff4e7146cbe3cb?s=96&d=mm&r=g","url":"https:\/\/secure.gravatar.com\/avatar\/29b4b7cf61bc7f4a3cff4e7146cbe3cb?s=96&d=mm&r=g","height":96,"width":96}},"publisher":{"@type":"Organization","name":"kulisci.cz","logo":{"@type":"ImageObject","@id":"\/logo.png","url":"\/logo.png","width":600,"height":60}},"url":"https:\/\/www.kulisci.cz\/bydleni\/prijemne-prostredi\/","wordCount":166,"articleBody":" Chcete se nau\u010dit \u0159\u00eddit a bydl\u00edte \u010di se zrovna na del\u0161\u00ed dobu nach\u00e1z\u00edte v na\u0161em hlavn\u00edm m\u011bst\u011b? V na\u0161\u00ed auto\u0161kole Praha se V\u00e1m to jist\u011b poda\u0159\u00ed. Nab\u00edz\u00edme bezkonkuren\u010dn\u00ed ceny nejen v na\u0161\u00ed metropoli, ale obecn\u011b v republice. \u010cek\u00e1 V\u00e1s p\u0159\u00edjemn\u00e9 prost\u0159ed\u00ed modern\u011b za\u0159\u00edzen\u00fdch u\u010deben i zku\u0161en\u00fd u\u010ditelsk\u00fd sbor, kter\u00e9mu nechyb\u00ed jak schopnosti, tak i empatie. Vozov\u00fd park je na vysok\u00e9 \u00farovni Dal\u0161\u00edm z aspekt\u016f, kter\u00fdm se m\u016f\u017eeme chlubit, je vozov\u00fd park. Je pravideln\u011b modernizov\u00e1n, co\u017e v praxi znamen\u00e1, \u017ee se u n\u00e1s studenti neu\u010d\u00ed \u0159\u00eddit na n\u011bjak\u00fdch obstaro\u017en\u00edch kraksn\u00e1ch z minul\u00e9ho stolet\u00ed, ale v\u00fduka prob\u00edh\u00e1 v modern\u00edch dob\u0159e za\u0159\u00edzen\u00fdch vozidlech. Velice db\u00e1me na bezpe\u010dnost na\u0161ich student\u016f. Ve\u0161ker\u00e1 vozidla jsou tedy i p\u0159es sv\u016fj mlad\u00fd v\u011bk pravideln\u011b kontrolov\u00e1na techniky.                                                                                                                                                                                                                                                                                                                                                                                        5\/5 - (1 vote)        "},{"@context":"https:\/\/schema.org\/","@type":"BreadcrumbList","itemListElement":[{"@type":"ListItem","position":1,"name":"Bydleni","item":"https:\/\/www.kulisci.cz\/bydleni\/#breadcrumbitem"},{"@type":"ListItem","position":2,"name":"P\u0159\u00edjemn\u00e9 prost\u0159ed\u00ed","item":"https:\/\/www.kulisci.cz\/bydleni\/prijemne-prostredi\/#breadcrumbitem"}]}]