[{"@context":"https:\/\/schema.org\/","@type":"Article","@id":"https:\/\/www.kulisci.cz\/bydleni\/pro-zakazniky\/#Article","mainEntityOfPage":"https:\/\/www.kulisci.cz\/bydleni\/pro-zakazniky\/","headline":"Pro z\u00e1kazn\u00edky","name":"Pro z\u00e1kazn\u00edky","description":"Kdy\u017e se mi m\u016fj p\u0159\u00edtel sv\u011b\u0159il, \u017ee m\u00e1 n\u011bjak\u00fd probl\u00e9m, tak jsem samoz\u0159ejm\u011b cht\u011bla v\u011bd\u011bt, jak\u00fd probl\u00e9m p\u0159\u00edtel m\u00e1. My jsme toti\u017e u\u017e dlouholet\u00ed partne\u0159i. Tak\u00e9 jsme spolu t\u00e9m\u011b\u0159 dvacet let, tak\u017ee bych byla opravdu r\u00e1da, kdyby se mi m\u016fj p\u0159\u00edtel s t\u00edmto probl\u00e9mem sv\u011b\u0159il. Jenom\u017ee kdy\u017e jsem se ho zeptala, tak se p\u0159\u00edtel st\u00e1le...","datePublished":"2023-02-14","dateModified":"2023-02-14","author":{"@type":"Person","@id":"https:\/\/www.kulisci.cz\/author\/#Person","name":"","url":"https:\/\/www.kulisci.cz\/author\/","identifier":1,"image":{"@type":"ImageObject","@id":"https:\/\/secure.gravatar.com\/avatar\/29b4b7cf61bc7f4a3cff4e7146cbe3cb?s=96&d=mm&r=g","url":"https:\/\/secure.gravatar.com\/avatar\/29b4b7cf61bc7f4a3cff4e7146cbe3cb?s=96&d=mm&r=g","height":96,"width":96}},"publisher":{"@type":"Organization","name":"kulisci.cz","logo":{"@type":"ImageObject","@id":"\/logo.png","url":"\/logo.png","width":600,"height":60}},"image":{"@type":"ImageObject","@id":"https:\/\/www.kulisci.cz\/wp-content\/uploads\/subscribe-3534409_960_720_1.jpg","url":"https:\/\/www.kulisci.cz\/wp-content\/uploads\/subscribe-3534409_960_720_1.jpg","height":0,"width":0},"url":"https:\/\/www.kulisci.cz\/bydleni\/pro-zakazniky\/","wordCount":430,"articleBody":"       Kdy\u017e se mi m\u016fj p\u0159\u00edtel sv\u011b\u0159il, \u017ee m\u00e1 n\u011bjak\u00fd probl\u00e9m, tak jsem samoz\u0159ejm\u011b cht\u011bla v\u011bd\u011bt, jak\u00fd probl\u00e9m p\u0159\u00edtel m\u00e1. My jsme toti\u017e u\u017e dlouholet\u00ed partne\u0159i. Tak\u00e9 jsme spolu t\u00e9m\u011b\u0159 dvacet let, tak\u017ee bych byla opravdu r\u00e1da, kdyby se mi m\u016fj p\u0159\u00edtel s t\u00edmto probl\u00e9mem sv\u011b\u0159il. Jenom\u017ee kdy\u017e jsem se ho zeptala, tak se p\u0159\u00edtel st\u00e1le vzpouzel a necht\u011bl mi v\u016fbec nic \u0159\u00edct. A abych byla up\u0159\u00edmn\u00e1, tak jsem byla docela v \u0161oku. Proto\u017ee ze za\u010d\u00e1tku jsem si myslela, \u017ee p\u0159\u00edtel m\u00e1 t\u0159eba n\u011bjak\u00e9 siln\u00e9 v\u00e1\u017en\u00e9 zdravotn\u00ed probl\u00e9my, kter\u00e1 ho omezuji a ohro\u017euj\u00ed na \u017eivot\u011b. Proto\u017ee jsem p\u0159\u00edteli \u0159ekla, a\u0165 mi to okam\u017eit\u011b \u0159ekne, \u017ee m\u011b akor\u00e1t stresuje a j\u00e1 m\u00e1m potom strach o jeho zdrav\u00ed a o jeho \u017eivot. M\u016fj p\u0159\u00edtel si sedl a \u0159ekl mi, \u017ee se opravdu styd\u00ed a tomhle probl\u00e9m\u016f mluvit. A kdy\u017e jsem se p\u0159\u00edtele zeptala, co m\u016f\u017ee b\u00fdt na zdravotn\u00edm stavu a nemoci vtipn\u00e9ho, tak mi p\u0159\u00edtel \u0159ekl, \u017ee sice m\u011b ch\u00e1pe, \u017ee bych si to p\u0159\u00e1la v\u011bd\u011bt, ale \u017ee on se o sv\u00e9m probl\u00e9mu styd\u00ed mluvit. Nakonec z n\u011bj vylezlo to, \u017ee m\u00e1 probl\u00e9my s erekc\u00ed. Sice j\u00e1 jsem si tedy toho v\u0161imla u\u017e d\u0159\u00edve, ale necht\u011bla jsem nic \u0159\u00edkat a necht\u011bla jsem p\u0159\u00edtele d\u00e1le stresovat. Nakonec to dopadlo tak, \u017ee se p\u0159\u00edtel zaregistroval na webov\u00e9 str\u00e1nky, kde jsou potom akce, kdy\u017e je \u010dlov\u011bk registrovan\u00fd a m\u00e1 velk\u00e9 v\u00fdhody. A registrace z\u00e1kazn\u00edka je opravdu jednoduch\u00e1, proto\u017ee kdy\u017e mi p\u0159\u00edtel \u0159ekl, jak\u00e9 tady jsou v\u00fdhody a plusy registrace z\u00e1kazn\u00edka, tak jsem souhlasila. A nav\u00edc jsem tak\u00e9 r\u00e1da, \u017ee se mi p\u0159\u00edtel sv\u011b\u0159il se sv\u00fdm probl\u00e9mem, proto\u017ee v\u016fbec nev\u00edm, jestli bych p\u0159\u00edteli d\u00e1le mohla d\u016fv\u011b\u0159ovat, kdyby se mi v\u016fbec nesv\u011b\u0159il, jak\u00fd m\u00e1 probl\u00e9m. Mysl\u00edm si, \u017ee ve dvou se to v\u017edycky l\u00e9pe t\u00e1hne a \u017ee jeho probl\u00e9m s potenc\u00ed samoz\u0159ejm\u011b n\u011bjak vy\u0159e\u0161\u00edme. A p\u0159ihl\u00e1\u0161en\u00ed z\u00e1kazn\u00edka Erectmax se v\u017edy vyplat\u00ed a taky je vhodn\u00e9 a mil\u00e9, kdy\u017e s t\u00edmto choulostiv\u00fdm probl\u00e9mem pom\u016f\u017ee i p\u0159\u00edtelkyn\u011b, co\u017e je v\u017edy nejlep\u0161\u00ed.                                                                                                                                                                                                                                                                                                                                                                                                   "},{"@context":"https:\/\/schema.org\/","@type":"BreadcrumbList","itemListElement":[{"@type":"ListItem","position":1,"name":"Bydleni","item":"https:\/\/www.kulisci.cz\/bydleni\/#breadcrumbitem"},{"@type":"ListItem","position":2,"name":"Pro z\u00e1kazn\u00edky","item":"https:\/\/www.kulisci.cz\/bydleni\/pro-zakazniky\/#breadcrumbitem"}]}]