[{"@context":"https:\/\/schema.org\/","@type":"Article","@id":"https:\/\/www.kulisci.cz\/bydleni\/sedave-zamestnani\/#Article","mainEntityOfPage":"https:\/\/www.kulisci.cz\/bydleni\/sedave-zamestnani\/","headline":"Sedav\u00e9 zam\u011bstn\u00e1n\u00ed","name":"Sedav\u00e9 zam\u011bstn\u00e1n\u00ed","description":"Sedav\u00e9 zam\u011bstn\u00e1n\u00ed m\u00e1 dnes nemal\u00e1 \u010d\u00e1st pracuj\u00edc\u00edho obyvatelstva nejen \u010cesk\u00e9 republiky, ale i Evropy a vysp\u011bl\u00e9 \u010d\u00e1sti sv\u011bta v\u016fbec. Pot\u00ed\u017ee, kter\u00e9 s sebou takov\u00e1to pr\u00e1ce nese, jsou spojeny p\u0159edev\u0161\u00edm s bolestmi zad. Bohu\u017eel dnes nen\u00ed doba, \u017ee by si \u010dlov\u011bk mohl mezi nab\u00eddkami zam\u011bstn\u00e1n\u00ed n\u011bjak dlouze vyb\u00edrat. Proto navrhujeme \u0159e\u0161en\u00ed. M\u00edsto nov\u00e9ho zam\u011bstn\u00e1n\u00ed nab\u00edz\u00edme \u0159e\u0161en\u00ed...","datePublished":"2025-01-20","dateModified":"2025-01-20","author":{"@type":"Person","@id":"https:\/\/www.kulisci.cz\/author\/#Person","name":"","url":"https:\/\/www.kulisci.cz\/author\/","identifier":1,"image":{"@type":"ImageObject","@id":"https:\/\/secure.gravatar.com\/avatar\/29b4b7cf61bc7f4a3cff4e7146cbe3cb?s=96&d=mm&r=g","url":"https:\/\/secure.gravatar.com\/avatar\/29b4b7cf61bc7f4a3cff4e7146cbe3cb?s=96&d=mm&r=g","height":96,"width":96}},"publisher":{"@type":"Organization","name":"kulisci.cz","logo":{"@type":"ImageObject","@id":"\/logo.png","url":"\/logo.png","width":600,"height":60}},"url":"https:\/\/www.kulisci.cz\/bydleni\/sedave-zamestnani\/","wordCount":187,"articleBody":"Sedav\u00e9 zam\u011bstn\u00e1n\u00ed m\u00e1 dnes nemal\u00e1 \u010d\u00e1st pracuj\u00edc\u00edho obyvatelstva nejen \u010cesk\u00e9 republiky, ale i Evropy a vysp\u011bl\u00e9 \u010d\u00e1sti sv\u011bta v\u016fbec. Pot\u00ed\u017ee, kter\u00e9 s sebou takov\u00e1to pr\u00e1ce nese, jsou spojeny p\u0159edev\u0161\u00edm s bolestmi zad. Bohu\u017eel dnes nen\u00ed doba, \u017ee by si \u010dlov\u011bk mohl mezi nab\u00eddkami zam\u011bstn\u00e1n\u00ed n\u011bjak dlouze vyb\u00edrat. Proto navrhujeme \u0159e\u0161en\u00ed. M\u00edsto nov\u00e9ho zam\u011bstn\u00e1n\u00ed nab\u00edz\u00edme \u0159e\u0161en\u00ed Va\u0161ich bolest\u00ed zad v podob\u011b nov\u00e9ho kancel\u00e1\u0159sk\u00e9ho k\u0159esla. Kancel\u00e1\u0159sk\u00e1 k\u0159esla od n\u00e1s V na\u0161em internetov\u00e9m obchodu naleznete nep\u0159ebern\u00e9 mno\u017estv\u00ed kancel\u00e1\u0159sk\u00e9ho vybaven\u00ed. Nelze nezm\u00ednit na\u0161e kancel\u00e1\u0159sk\u00e1 k\u0159esla. V t\u00e9to rozmanit\u00e9 kategorii naleznete posezen\u00ed polstrovan\u00e1 textili\u00ed, protk\u00e1van\u00e1 vzdu\u0161nou s\u00ed\u0165ovinou nebo posezen\u00ed ko\u017een\u00e1. Pro Va\u0161i lep\u0161\u00ed orientaci v na\u0161\u00ed \u0161irok\u00e9 nab\u00eddce, je tu pro V\u00e1s n\u00e1\u0161 Pr\u016fvodce v\u00fdb\u011brem \u017eidl\u00ed. D\u00edky tomuto \u0161ikovn\u00e9mu n\u00e1stroji z\u00edsk\u00e1te velmi rychle sv\u00e9ho kandid\u00e1ta \u010d\u00edslo jedna.                                                                                                                                                                                                                                                                                                                                                                                        4\/5 - (1 vote)        "},{"@context":"https:\/\/schema.org\/","@type":"BreadcrumbList","itemListElement":[{"@type":"ListItem","position":1,"name":"Bydleni","item":"https:\/\/www.kulisci.cz\/bydleni\/#breadcrumbitem"},{"@type":"ListItem","position":2,"name":"Sedav\u00e9 zam\u011bstn\u00e1n\u00ed","item":"https:\/\/www.kulisci.cz\/bydleni\/sedave-zamestnani\/#breadcrumbitem"}]}]