[{"@context":"https:\/\/schema.org\/","@type":"Article","@id":"https:\/\/www.kulisci.cz\/bydleni\/tajemne-nahrobky\/#Article","mainEntityOfPage":"https:\/\/www.kulisci.cz\/bydleni\/tajemne-nahrobky\/","headline":"Tajemn\u00e9 n\u00e1hrobky","name":"Tajemn\u00e9 n\u00e1hrobky","description":"Bosna a Hercegovina, ale i dal\u0161\u00ed zem\u011b Balk\u00e1nu, ty v\u0161echny maj\u00ed v krajin\u00e1ch jeden zaj\u00edmav\u00fd unik\u00e1t, kter\u00fd jinde neuvid\u00edte. Jedn\u00e1 se o mohutn\u00e9 kamenn\u00e9 n\u00e1hrobky, kter\u00fdm se \u0159\u00edk\u00e1 tak\u00e9 ste\u0107ci. Tyto n\u00e1hrobky v krajin\u011b zde m\u011bla \u00fadajn\u011b zanechat sekta jist\u00fdch bogomil\u016f. Bogomilsk\u00e9 hnut\u00ed na Balk\u00e1n\u011b existovalo v des\u00e1t\u00e9m stolet\u00ed, kdy se lid\u00e9 seskupovali na protest...","datePublished":"2026-02-27","dateModified":"2026-02-27","author":{"@type":"Person","@id":"https:\/\/www.kulisci.cz\/author\/#Person","name":"","url":"https:\/\/www.kulisci.cz\/author\/","identifier":1,"image":{"@type":"ImageObject","@id":"https:\/\/secure.gravatar.com\/avatar\/29b4b7cf61bc7f4a3cff4e7146cbe3cb?s=96&d=mm&r=g","url":"https:\/\/secure.gravatar.com\/avatar\/29b4b7cf61bc7f4a3cff4e7146cbe3cb?s=96&d=mm&r=g","height":96,"width":96}},"publisher":{"@type":"Organization","name":"kulisci.cz","logo":{"@type":"ImageObject","@id":"\/logo.png","url":"\/logo.png","width":600,"height":60}},"image":{"@type":"ImageObject","@id":"https:\/\/www.kulisci.cz\/wp-content\/uploads\/img_a294850_w1899_t1506595667.jpg","url":"https:\/\/www.kulisci.cz\/wp-content\/uploads\/img_a294850_w1899_t1506595667.jpg","height":0,"width":0},"url":"https:\/\/www.kulisci.cz\/bydleni\/tajemne-nahrobky\/","wordCount":393,"articleBody":"Bosna a Hercegovina, ale i dal\u0161\u00ed zem\u011b Balk\u00e1nu, ty v\u0161echny maj\u00ed v krajin\u00e1ch jeden zaj\u00edmav\u00fd unik\u00e1t, kter\u00fd jinde neuvid\u00edte. Jedn\u00e1 se o mohutn\u00e9 kamenn\u00e9 n\u00e1hrobky, kter\u00fdm se \u0159\u00edk\u00e1 tak\u00e9 ste\u0107ci. Tyto n\u00e1hrobky v krajin\u011b zde m\u011bla \u00fadajn\u011b zanechat sekta jist\u00fdch bogomil\u016f. Bogomilsk\u00e9 hnut\u00ed na Balk\u00e1n\u011b existovalo v des\u00e1t\u00e9m stolet\u00ed, kdy se lid\u00e9 seskupovali na protest proti \u00fatlaku ze strany Byzantsk\u00e9 \u0159\u00ed\u0161e. Zakladatel sekty m\u011bl b\u00fdt venkovsk\u00fd kn\u011bz jm\u00e9nem Bogomil, kter\u00fd v ran\u00e9m st\u0159edov\u011bku \u017eil na \u00fazem\u00ed dne\u0161n\u00edho Bulharska.\tBosna jako \u00fato\u010di\u0161t\u011bVe sv\u00e9 dob\u011b byli bogomilov\u00e9 pron\u00e1sledov\u00e1ni a jejich p\u0159\u00edvr\u017eenci postupn\u011b vytla\u010dov\u00e1ni z oblasti Balk\u00e1nu. Jako sv\u00e9 \u00fato\u010di\u0161t\u011b nalezli pouze st\u0159edov\u011bkou Bosnu. Kamenn\u00e9 n\u00e1hrobky, kter\u00e9 po tomto hnut\u00ed bogomil\u016f z\u016fstaly, jsou rozm\u00edst\u011bn\u00e9 po cel\u00e9m Balk\u00e1n\u011b. Nejv\u00edce z cel\u00e9ho po\u010dtu n\u00e1hrobk\u016f se v\u0161ak nal\u00e9z\u00e1 pr\u00e1v\u011b v Bosn\u011b a Hercegovin\u011b, kde jich je tady rovn\u00fdch 60\u00a0000.\tRozd\u00edln\u00e1 ornament\u00e1ln\u00ed v\u00fdzdobaKamenn\u00e9 n\u00e1hrobky, kter\u00e9 v krajin\u011b jenom tak post\u00e1vaj\u00ed, maj\u00ed rozli\u010dnou velikost. N\u011bkter\u00e9 z n\u00e1hrobk\u016f jsou jen metr dlouh\u00e9. Jin\u00e9 n\u00e1hrobky mohou v\u00e1\u017eit a\u017e t\u0159icet tun. V z\u00e1vislosti na m\u00edst\u011b, kde se n\u00e1hrobky nach\u00e1zej\u00ed, se tak\u00e9 li\u0161\u00ed jejich v\u00fdzdoba a jej\u00ed charakteristika.o\u00a0\u00a0 Nap\u0159\u00edklad v oblasti Bosny p\u0159eva\u017euj\u00ed na n\u00e1hrobc\u00edch vyobrazen\u00ed stylizovan\u00fdch rostlin a jejich ornament\u016f, spole\u010dn\u011b se spir\u00e1lami.o\u00a0\u00a0 V krajin\u011b Hercegoviny zase stoj\u00ed n\u00e1hrobky, kter\u00e9 jsou zdobeny p\u0159ev\u00e1\u017en\u011b loveck\u00fdmi v\u00fdjevy a zv\u00ed\u0159aty.\tDruh st\u0159edov\u011bk\u00e9ho um\u011bn\u00ed?P\u0159esto v\u0161ak okolo n\u00e1hrobk\u016f z\u016fst\u00e1vaj\u00ed ot\u00e1zky. N\u011bkte\u0159\u00ed z historik\u016f se domn\u00edvaj\u00ed, \u017ee n\u00e1hrobky jsou sp\u00ed\u0161e speci\u00e1ln\u00edm druhem balk\u00e1nsk\u00e9ho um\u011bn\u00ed ve st\u0159edov\u011bku. Mimoto do dne\u0161n\u00edch dn\u00ed nen\u00ed zcela jasn\u00e9, kdo vlastn\u011b pod t\u011bmito monument\u00e1ln\u00edmi n\u00e1hrobky odpo\u010d\u00edv\u00e1. Pro m\u00edstn\u00ed obyvatele Balk\u00e1nu v\u0161ak maj\u00ed ste\u0107ci zvl\u00e1\u0161tn\u00ed v\u00fdznam. Kameny z\u016fst\u00e1vaj\u00ed v krajin\u011b ji\u017e stovky let na sv\u00fdch p\u016fvodn\u00edch m\u00edstech a nedot\u010deny.                                                                                                                                                                                                                                                                                                                                                                                        3.5\/5 - (2 votes)        "},{"@context":"https:\/\/schema.org\/","@type":"BreadcrumbList","itemListElement":[{"@type":"ListItem","position":1,"name":"Bydleni","item":"https:\/\/www.kulisci.cz\/bydleni\/#breadcrumbitem"},{"@type":"ListItem","position":2,"name":"Tajemn\u00e9 n\u00e1hrobky","item":"https:\/\/www.kulisci.cz\/bydleni\/tajemne-nahrobky\/#breadcrumbitem"}]}]