[{"@context":"https:\/\/schema.org\/","@type":"Article","@id":"https:\/\/www.kulisci.cz\/bydleni\/usporadana-domacnost-tkvi-v-detailech\/#Article","mainEntityOfPage":"https:\/\/www.kulisci.cz\/bydleni\/usporadana-domacnost-tkvi-v-detailech\/","headline":"Uspo\u0159\u00e1dan\u00e1 dom\u00e1cnost tkv\u00ed v detailech","name":"Uspo\u0159\u00e1dan\u00e1 dom\u00e1cnost tkv\u00ed v detailech","description":"V\u00e1\u0161 interi\u00e9r pot\u0159ebuje zm\u011bnu, proto\u017ee vybaven\u00ed, kter\u00e9 v n\u011bm je, je star\u0161\u00edho data, ale nem\u00e1te finance na to, abyste si v\u0161echno po\u0159\u00eddili hned? D\u00edky dve\u0159\u00edm z Plzn\u011b m\u016f\u017eete nov\u011b za\u0159izovat postupn\u011b. Vchody jsou jednou z nejd\u016fle\u017eit\u011bj\u0161\u00edch v\u011bc\u00ed v ka\u017ed\u00e9 dom\u00e1cnosti, proto\u017ee jsou jedna z prvn\u00edch v\u011bc\u00ed, kter\u00e9 uvid\u00edte vy, i va\u0161e n\u00e1v\u0161t\u011bvy. Abyste m\u011bli v\u0161e...","datePublished":"2025-01-16","dateModified":"2025-01-16","author":{"@type":"Person","@id":"https:\/\/www.kulisci.cz\/author\/#Person","name":"","url":"https:\/\/www.kulisci.cz\/author\/","identifier":1,"image":{"@type":"ImageObject","@id":"https:\/\/secure.gravatar.com\/avatar\/29b4b7cf61bc7f4a3cff4e7146cbe3cb?s=96&d=mm&r=g","url":"https:\/\/secure.gravatar.com\/avatar\/29b4b7cf61bc7f4a3cff4e7146cbe3cb?s=96&d=mm&r=g","height":96,"width":96}},"publisher":{"@type":"Organization","name":"kulisci.cz","logo":{"@type":"ImageObject","@id":"\/logo.png","url":"\/logo.png","width":600,"height":60}},"url":"https:\/\/www.kulisci.cz\/bydleni\/usporadana-domacnost-tkvi-v-detailech\/","wordCount":235,"articleBody":"V\u00e1\u0161 interi\u00e9r pot\u0159ebuje zm\u011bnu, proto\u017ee vybaven\u00ed, kter\u00e9 v n\u011bm je, je star\u0161\u00edho data, ale nem\u00e1te finance na to, abyste si v\u0161echno po\u0159\u00eddili hned? D\u00edky dve\u0159\u00edm z Plzn\u011b m\u016f\u017eete nov\u011b za\u0159izovat postupn\u011b. Vchody jsou jednou z nejd\u016fle\u017eit\u011bj\u0161\u00edch v\u011bc\u00ed v ka\u017ed\u00e9 dom\u00e1cnosti, proto\u017ee jsou jedna z prvn\u00edch v\u011bc\u00ed, kter\u00e9 uvid\u00edte vy, i va\u0161e n\u00e1v\u0161t\u011bvy. Abyste m\u011bli v\u0161e slad\u011bno podle barvy, vyberte si vchody u n\u00e1s. M\u00e1te k dispozici mnoho dekor\u016f, d\u0159ev\u011bn\u00e9 vchody, i s pod\u00edlem skla. Ka\u017ed\u00e9 odpov\u00eddaj\u00ed nejnov\u011bj\u0161\u00edm trend\u016fm, ale najdete u n\u00e1s i ty klasick\u00e9. Ka\u017ed\u00fd si vybere svoje V mnoha obchodech najdete jen pr\u016fmyslov\u011b vyr\u00e1b\u011bn\u00e9 v\u00fdrobky, u kter\u00fdch nenajdete technick\u00e9 \u00fadaje. U n\u00e1s najdete u ka\u017ed\u00e9ho v\u00fdrobku \u00fadaje, kter\u00e9 by v\u00e1s mohly p\u0159i v\u00fdb\u011bru a n\u00e1sledn\u00e9m n\u00e1kupu zaj\u00edmat, a zjist\u00edte v\u0161e, co chcete v\u011bd\u011bt. M\u016f\u017eete m\u00edt sv\u011btl\u00e9, tmav\u00e9, sklen\u011bn\u00e9 nebo pln\u00e9, ale v\u017edy vyberte stejn\u00e9 do v\u0161ech m\u00edstnost\u00ed ve va\u0161\u00ed dom\u00e1cnosti, aby interi\u00e9r m\u011bl jednotn\u00fd r\u00e1z, d\u00edky kter\u00e9mu bude v\u00e1\u0161 domov vypadat velmi p\u0159\u00edjemn\u011b.                                                                                                                                                                                                                                                                                                                                                                                        2.5\/5 - (2 votes)        "},{"@context":"https:\/\/schema.org\/","@type":"BreadcrumbList","itemListElement":[{"@type":"ListItem","position":1,"name":"Bydleni","item":"https:\/\/www.kulisci.cz\/bydleni\/#breadcrumbitem"},{"@type":"ListItem","position":2,"name":"Uspo\u0159\u00e1dan\u00e1 dom\u00e1cnost tkv\u00ed v detailech","item":"https:\/\/www.kulisci.cz\/bydleni\/usporadana-domacnost-tkvi-v-detailech\/#breadcrumbitem"}]}]