[{"@context":"https:\/\/schema.org\/","@type":"Article","@id":"https:\/\/www.kulisci.cz\/bydleni\/vse-se-s-nasi-profesionalni-podporou-v-dobre-obrati\/#Article","mainEntityOfPage":"https:\/\/www.kulisci.cz\/bydleni\/vse-se-s-nasi-profesionalni-podporou-v-dobre-obrati\/","headline":"V\u0161e se s na\u0161\u00ed profesion\u00e1ln\u00ed podporou v dobr\u00e9 obr\u00e1t\u00ed!","name":"V\u0161e se s na\u0161\u00ed profesion\u00e1ln\u00ed podporou v dobr\u00e9 obr\u00e1t\u00ed!","description":"Ne n\u00e1hoda, ne hv\u011bzdy, n\u00fdbr\u017e Va\u0161e c\u00edlev\u011bdom\u00e1 aktivita V\u00e1m m\u016f\u017ee do cesty p\u0159in\u00e9st hypote\u010dn\u00ed \u00fav\u011br, kter\u00fd pro V\u00e1s bude t\u00edm prav\u00fdm. Chce to z Va\u0161\u00ed strany trochu iniciativy. Av\u0161ak nic slo\u017eit\u00e9ho, nic zdlouhav\u00e9ho a nic n\u00e1ro\u010dn\u00e9ho. Jednodu\u0161e oslovte finan\u010dn\u00ed poradce, kte\u0159\u00ed s\u00eddl\u00ed na adrese spole\u010dnosti, jej\u00ed\u017e dom\u00e9nou je refinancov\u00e1n\u00ed hypot\u00e9ky s r\u016fzn\u00fdmi prvky. Nebu\u010fte pasivn\u00ed....","datePublished":"2023-03-28","dateModified":"2023-03-28","author":{"@type":"Person","@id":"https:\/\/www.kulisci.cz\/author\/#Person","name":"","url":"https:\/\/www.kulisci.cz\/author\/","identifier":1,"image":{"@type":"ImageObject","@id":"https:\/\/secure.gravatar.com\/avatar\/29b4b7cf61bc7f4a3cff4e7146cbe3cb?s=96&d=mm&r=g","url":"https:\/\/secure.gravatar.com\/avatar\/29b4b7cf61bc7f4a3cff4e7146cbe3cb?s=96&d=mm&r=g","height":96,"width":96}},"publisher":{"@type":"Organization","name":"kulisci.cz","logo":{"@type":"ImageObject","@id":"\/logo.png","url":"\/logo.png","width":600,"height":60}},"url":"https:\/\/www.kulisci.cz\/bydleni\/vse-se-s-nasi-profesionalni-podporou-v-dobre-obrati\/","wordCount":242,"articleBody":"Ne n\u00e1hoda, ne hv\u011bzdy, n\u00fdbr\u017e Va\u0161e c\u00edlev\u011bdom\u00e1 aktivita V\u00e1m m\u016f\u017ee do cesty p\u0159in\u00e9st hypote\u010dn\u00ed \u00fav\u011br, kter\u00fd pro V\u00e1s bude t\u00edm prav\u00fdm. Chce to z Va\u0161\u00ed strany trochu iniciativy. Av\u0161ak nic slo\u017eit\u00e9ho, nic zdlouhav\u00e9ho a nic n\u00e1ro\u010dn\u00e9ho. Jednodu\u0161e oslovte finan\u010dn\u00ed poradce, kte\u0159\u00ed s\u00eddl\u00ed na adrese spole\u010dnosti, jej\u00ed\u017e dom\u00e9nou je refinancov\u00e1n\u00ed hypot\u00e9ky s r\u016fzn\u00fdmi prvky. Nebu\u010fte pasivn\u00ed. Nesty\u010fte se po\u017e\u00e1dat o p\u0159e\u0161et\u0159en\u00ed v\u00fdhodnosti a nev\u00fdhodnosti konkr\u00e9tn\u00ed \u00farokov\u00e9 sazby, doby spl\u00e1cen\u00ed i v\u00fd\u0161e spl\u00e1tek pr\u00e1v\u011b Vy.Na tom nem\u016f\u017eete nic tratit. M\u016f\u017eete na tom jednozna\u010dn\u011b pouze z\u00edskat!Ne v\u017edy se v \u017eivot\u011b vyplat\u00ed tla\u010dit na pilu. Vy si v\u0161ak n\u00e1tlak ze strany st\u00e1vaj\u00edc\u00edho spl\u00e1tkov\u00e9ho kalend\u00e1\u0159e u Va\u0161eho hypote\u010dn\u00edho \u00fav\u011bru nemus\u00edte nech\u00e1vat l\u00edbit. Srovnejte si Va\u0161e \u017eivotn\u00ed priority a v r\u00e1mci rekonstrukce finan\u010dn\u00edch z\u00e1vazk\u016f se vrhn\u011bte s d\u016fv\u011brou po hlavu do projektu refinancov\u00e1n\u00ed hypot\u00e9ky. Ov\u011b\u0159en\u00e1 firma V\u00e1m v r\u00e1mci pr\u016fzkumu trhu dovede poskytnout komplexn\u00ed p\u0159ehled nab\u00eddek a porad\u00ed V\u00e1m takt\u00e9\u017e s v\u00fdb\u011brem optim\u00e1ln\u00edho finan\u010dn\u00edho z\u00e1zem\u00ed.                                                                                                                                                                                                                                                                                                                                                                                        5\/5 - (1 vote)        "},{"@context":"https:\/\/schema.org\/","@type":"BreadcrumbList","itemListElement":[{"@type":"ListItem","position":1,"name":"Bydleni","item":"https:\/\/www.kulisci.cz\/bydleni\/#breadcrumbitem"},{"@type":"ListItem","position":2,"name":"V\u0161e se s na\u0161\u00ed profesion\u00e1ln\u00ed podporou v dobr\u00e9 obr\u00e1t\u00ed!","item":"https:\/\/www.kulisci.cz\/bydleni\/vse-se-s-nasi-profesionalni-podporou-v-dobre-obrati\/#breadcrumbitem"}]}]