[{"@context":"https:\/\/schema.org\/","@type":"Article","@id":"https:\/\/www.kulisci.cz\/bydleni\/z-eu-jsme-na-tom-s-nezamestnanosti-nejlepe\/#Article","mainEntityOfPage":"https:\/\/www.kulisci.cz\/bydleni\/z-eu-jsme-na-tom-s-nezamestnanosti-nejlepe\/","headline":"Z EU jsme na tom s nezam\u011bstnanost\u00ed nejl\u00e9pe","name":"Z EU jsme na tom s nezam\u011bstnanost\u00ed nejl\u00e9pe","description":"M\u00edra nezam\u011bstnanosti pochopiteln\u011b v ur\u010dit\u00fdch \u010dasov\u00fdch cyklech kles\u00e1 a zase stoup\u00e1. V sou\u010dasnosti jsme na velice n\u00edzk\u00e9 m\u00ed\u0159e nezam\u011bstnanosti, dokonce nejni\u017e\u0161\u00ed za posledn\u00edch 10 let. V \u010d\u00edslech m\u00edry nezam\u011bstnanosti je \u010cesk\u00e1 republika na prvn\u00edm m\u00edst\u011b. To znamen\u00e1, \u017ee nejni\u017e\u0161\u00ed nezam\u011bstnanost i po po\u010d\u00e1tku leto\u0161n\u00edho roku z\u016fst\u00e1v\u00e1 na\u0161e republika. Jak\u00e1 jsou \u010d\u00edsla v jin\u00fdch st\u00e1tech? Nejni\u017e\u0161\u00ed...","datePublished":"2026-02-28","dateModified":"2026-02-28","author":{"@type":"Person","@id":"https:\/\/www.kulisci.cz\/author\/#Person","name":"","url":"https:\/\/www.kulisci.cz\/author\/","identifier":1,"image":{"@type":"ImageObject","@id":"https:\/\/secure.gravatar.com\/avatar\/29b4b7cf61bc7f4a3cff4e7146cbe3cb?s=96&d=mm&r=g","url":"https:\/\/secure.gravatar.com\/avatar\/29b4b7cf61bc7f4a3cff4e7146cbe3cb?s=96&d=mm&r=g","height":96,"width":96}},"publisher":{"@type":"Organization","name":"kulisci.cz","logo":{"@type":"ImageObject","@id":"\/logo.png","url":"\/logo.png","width":600,"height":60}},"image":{"@type":"ImageObject","@id":"https:\/\/www.kulisci.cz\/wp-content\/uploads\/img_a309309_w2016_t1520250579.jpg","url":"https:\/\/www.kulisci.cz\/wp-content\/uploads\/img_a309309_w2016_t1520250579.jpg","height":0,"width":0},"url":"https:\/\/www.kulisci.cz\/bydleni\/z-eu-jsme-na-tom-s-nezamestnanosti-nejlepe\/","wordCount":414,"articleBody":"M\u00edra nezam\u011bstnanosti pochopiteln\u011b v ur\u010dit\u00fdch \u010dasov\u00fdch cyklech kles\u00e1 a zase stoup\u00e1. V sou\u010dasnosti jsme na velice n\u00edzk\u00e9 m\u00ed\u0159e nezam\u011bstnanosti, dokonce nejni\u017e\u0161\u00ed za posledn\u00edch 10 let. V \u010d\u00edslech m\u00edry nezam\u011bstnanosti je \u010cesk\u00e1 republika na prvn\u00edm m\u00edst\u011b. To znamen\u00e1, \u017ee nejni\u017e\u0161\u00ed nezam\u011bstnanost i po po\u010d\u00e1tku leto\u0161n\u00edho roku z\u016fst\u00e1v\u00e1 na\u0161e republika. Jak\u00e1 jsou \u010d\u00edsla v jin\u00fdch st\u00e1tech?\tNejni\u017e\u0161\u00ed a nejvy\u0161\u0161\u00ed m\u00edra nezam\u011bstnanostiJak u\u017e bylo \u0159e\u010deno, nejni\u017e\u0161\u00ed nezam\u011bstnanost maj\u00ed \u010cechy. Prvn\u00ed \u010dty\u0159i p\u0159\u00ed\u010dky vypadaj\u00ed takto:1.\u00a0\u00a0\u00a0\u00a0\u00a0 \u010cesk\u00e1 republika \u2013 2,4 procenta m\u00edry nezam\u011bstnanosti,2.\u00a0\u00a0\u00a0\u00a0\u00a0 Malta \u2013 3,5 procenta,3.\u00a0\u00a0\u00a0\u00a0\u00a0 N\u011bmecko \u2013 3,6 procenta.\u00a0Na druh\u00e9 stran\u011b seznamu se na posledn\u00edch dvou m\u00edstech um\u00edstilo:1.\u00a0\u00a0\u00a0\u00a0\u00a0 \u0158ecko \u2013 20,9 procenta m\u00edry nezam\u011bstnanosti,2.\u00a0\u00a0\u00a0\u00a0\u00a0 \u0160pan\u011blsko \u2013 16,3 procenta.\tKlesaj\u00edc\u00ed nezam\u011bstnanost v EU a euroz\u00f3n\u011bV lo\u0148sk\u00e9m roce klesla nezam\u011bstnanost ve v\u0161ech st\u00e1tech Evropsk\u00e9 unie. Nejv\u011bt\u0161\u00edho poklesu se do\u010dkal Kypr, a to z 12,6 procent na 9,8 procenta. D\u00e1le \u0158ecko z 23,3 procent na 20,9 procenta a tak\u00e9 Chorvatsko, kter\u00e9 se dostalo z 12,52 procent na 9,8 procenta.\u00a0Celkov\u00fd po\u010det nezam\u011bstnan\u00fdch byl v lednu 2018 v Evropsk\u00e9 unii 17,93 milionu osob. V euroz\u00f3n\u011b bylo nezam\u011bstnan\u00fdch 14,11 milionu osob. I p\u0159esto, \u017ee kon\u010dil kalend\u00e1\u0159n\u00ed rok, mnoha lidem kon\u010dila smlouva na dobu ur\u010ditou (p\u0159edev\u0161\u00edm u sez\u00f3nn\u00edch zam\u011bstn\u00e1n\u00ed), tak se po\u010dty nezam\u011bstnan\u00fdch v EU mezi prosincem 2017 a lednem 2018 sn\u00ed\u017eily o 19 tis\u00edc a v euroz\u00f3n\u011b o 10 tis\u00edc.\tBude pokles pokra\u010dovat?B\u011bhem leto\u0161n\u00edho roku lze p\u0159edpokl\u00e1dat, \u017ee je\u0161t\u011b dojde k poklesu nezam\u011bstnanosti, nebo bude alespo\u0148 stejn\u011b n\u00edzk\u00e1. P\u0159edpokl\u00e1dan\u00fd obrat a n\u00e1r\u016fst m\u00edry nezam\u011bstnanosti pravd\u011bpodobn\u011b nastane b\u011bhem n\u00e1sleduj\u00edc\u00edch dvou a\u017e t\u0159\u00ed let. Cykly nezam\u011bstnanosti jsou ji\u017e velice dlouho st\u00e1l\u00e9 a pravideln\u011b se st\u0159\u00eddaj\u00ed. Proto se ned\u00e1 po\u010d\u00edtat s t\u00edm, \u017ee nezam\u011bstnanost z\u016fstane takto n\u00edzk\u00e1 dlouho.\u00a0M\u00edra nezam\u011bstnanosti je v \u010cesk\u00e9 republice, Evropsk\u00e9 unii i euroz\u00f3n\u011b v sou\u010dasnosti nejni\u017e\u0161\u00ed od roku 2008. Jak dlouho tato situace na trhu pr\u00e1ce je\u0161t\u011b vydr\u017e\u00ed je d\u016fle\u017eitou ot\u00e1zkou. Pochopiteln\u011b ale nelze p\u0159esn\u011b \u0159\u00edct, kdy p\u0159ijde dal\u0161\u00ed n\u00e1r\u016fst m\u00edry nezam\u011bstnanosti a kdy p\u0159ijde dal\u0161\u00ed mo\u017en\u00e1 finan\u010dn\u00ed krize.                                                                                                                                                                                                                                                                                                                                                                                        4.5\/5 - (2 votes)        "},{"@context":"https:\/\/schema.org\/","@type":"BreadcrumbList","itemListElement":[{"@type":"ListItem","position":1,"name":"Bydleni","item":"https:\/\/www.kulisci.cz\/bydleni\/#breadcrumbitem"},{"@type":"ListItem","position":2,"name":"Z EU jsme na tom s nezam\u011bstnanost\u00ed nejl\u00e9pe","item":"https:\/\/www.kulisci.cz\/bydleni\/z-eu-jsme-na-tom-s-nezamestnanosti-nejlepe\/#breadcrumbitem"}]}]