[{"@context":"https:\/\/schema.org\/","@type":"Article","@id":"https:\/\/www.kulisci.cz\/bydleni\/znacka-skutecnych-profesionalu\/#Article","mainEntityOfPage":"https:\/\/www.kulisci.cz\/bydleni\/znacka-skutecnych-profesionalu\/","headline":"Zna\u010dka skute\u010dn\u00fdch profesion\u00e1l\u016f","name":"Zna\u010dka skute\u010dn\u00fdch profesion\u00e1l\u016f","description":"Pokud vlastn\u00edte a provozujete kosmetick\u00fd salon \u010di studio, jist\u011b se neobejdete bez kvalitn\u00ed profesion\u00e1ln\u00ed kosmetiky. Ten, kdo se chce p\u00e9\u010di o ple\u0165 v\u011bnovat skute\u010dn\u011b dob\u0159e a tak, aby se k n\u011bmu jeho klienti r\u00e1di a pravideln\u011b vraceli, m\u011bl by na v\u00fdb\u011br t\u00e9 nejlep\u0161\u00ed zna\u010dky kl\u00e1st skute\u010dn\u011b maxim\u00e1ln\u00ed d\u016fraz. Vyberte si takovou zna\u010dku, kter\u00e1 nab\u00edz\u00ed \u0161irok\u00e9...","datePublished":"2023-06-23","dateModified":"2023-06-23","author":{"@type":"Person","@id":"https:\/\/www.kulisci.cz\/author\/#Person","name":"","url":"https:\/\/www.kulisci.cz\/author\/","identifier":1,"image":{"@type":"ImageObject","@id":"https:\/\/secure.gravatar.com\/avatar\/29b4b7cf61bc7f4a3cff4e7146cbe3cb?s=96&d=mm&r=g","url":"https:\/\/secure.gravatar.com\/avatar\/29b4b7cf61bc7f4a3cff4e7146cbe3cb?s=96&d=mm&r=g","height":96,"width":96}},"publisher":{"@type":"Organization","name":"kulisci.cz","logo":{"@type":"ImageObject","@id":"\/logo.png","url":"\/logo.png","width":600,"height":60}},"url":"https:\/\/www.kulisci.cz\/bydleni\/znacka-skutecnych-profesionalu\/","wordCount":229,"articleBody":"Pokud vlastn\u00edte a provozujete kosmetick\u00fd salon \u010di studio, jist\u011b se neobejdete bez kvalitn\u00ed profesion\u00e1ln\u00ed kosmetiky. Ten, kdo se chce p\u00e9\u010di o ple\u0165 v\u011bnovat skute\u010dn\u011b dob\u0159e a tak, aby se k n\u011bmu jeho klienti r\u00e1di a pravideln\u011b vraceli, m\u011bl by na v\u00fdb\u011br t\u00e9 nejlep\u0161\u00ed zna\u010dky kl\u00e1st skute\u010dn\u011b maxim\u00e1ln\u00ed d\u016fraz. Vyberte si takovou zna\u010dku, kter\u00e1 nab\u00edz\u00ed \u0161irok\u00e9 spektrum p\u0159\u00edpravk\u016f a \u0159ad, vyberte si takovou zna\u010dku, kter\u00e1 m\u00e1 vhodn\u00fd p\u0159\u00edpravek pro ka\u017ed\u00fd typ pleti. Vyberte si zna\u010dku Christina, pod jej\u00edm\u017e jm\u00e9nem se skr\u00fdvaj\u00ed nejen p\u011bst\u00edc\u00ed \u0159ady, ale i korektivn\u00ed.\tV\u00fdhoda pro ka\u017ed\u00e9hoA p\u0159in\u00e1\u0161\u00ed-li tato zna\u010dka v\u00fdhody pro ty, kdo si s jej\u00edmi p\u0159\u00edpravky nech\u00e1vaj\u00ed o\u0161et\u0159it pravideln\u011b ple\u0165, pak je dvojn\u00e1sob p\u0159\u00edjemn\u00e9, nab\u00edz\u00ed-li v\u00fdhody i t\u011bm, kdo s n\u00ed pracuj\u00ed. Pod jm\u00e9nem zna\u010dky Christina po\u0159\u00e1d\u00e1me pravideln\u00e1 \u0161kolen\u00ed, kter\u00e1 jsou zdarma. Po \u0161kolen\u00ed z\u00edsk\u00e1te certifik\u00e1t o jeho absolvov\u00e1n\u00ed. A navrch m\u00e1te pro sv\u016fj salon mo\u017enost zakoupit v\u00fdrobky t\u00e9to zna\u010dky za zv\u00fdhodn\u011bnou cenu p\u0159i n\u00e1kupu nad stanovenou \u010d\u00e1stku. Vyu\u017e\u00edvejte v\u0161ech v\u00fdhod, kter\u00e9 Christina nab\u00edz\u00ed.                                                                                                                                                                                                                                                                                                                                                                                        4\/5 - (2 votes)        "},{"@context":"https:\/\/schema.org\/","@type":"BreadcrumbList","itemListElement":[{"@type":"ListItem","position":1,"name":"Bydleni","item":"https:\/\/www.kulisci.cz\/bydleni\/#breadcrumbitem"},{"@type":"ListItem","position":2,"name":"Zna\u010dka skute\u010dn\u00fdch profesion\u00e1l\u016f","item":"https:\/\/www.kulisci.cz\/bydleni\/znacka-skutecnych-profesionalu\/#breadcrumbitem"}]}]